{"id":31280,"date":"2024-09-10T16:35:47","date_gmt":"2024-09-10T14:35:47","guid":{"rendered":"https:\/\/new.prins.swiss\/comment-la-propriete-intellectuelle-protege-t-elle-vos-idees\/"},"modified":"2025-08-13T12:30:13","modified_gmt":"2025-08-13T10:30:13","slug":"comment-la-propriete-intellectuelle-protege-t-elle-vos-idees","status":"publish","type":"post","link":"https:\/\/www.prins.swiss\/fr\/comment-la-propriete-intellectuelle-protege-t-elle-vos-idees\/","title":{"rendered":"Est-il possible de prot\u00e9ger des id\u00e9es par la Propri\u00e9t\u00e9 Intellectuelle?"},"content":{"rendered":"<p>[et_pb_section fb_built=\u00a0\u00bb1&Prime; admin_label=\u00a0\u00bbHeader\u00a0\u00bb _builder_version=\u00a0\u00bb4.27.0&Prime; custom_margin=\u00a0\u00bb40px||||false|false\u00a0\u00bb custom_padding=\u00a0\u00bb||11px|||\u00a0\u00bb custom_width_px__hover=\u00a0\u00bb1080px\u00a0\u00bb custom_width_px__hover_enabled=\u00a0\u00bb1080px\u00a0\u00bb custom_width_percent__hover=\u00a0\u00bb80%\u00a0\u00bb custom_width_percent__hover_enabled=\u00a0\u00bb80%\u00a0\u00bb global_colors_info=\u00a0\u00bb{}\u00a0\u00bb make_fullwidth__hover=\u00a0\u00bboff\u00a0\u00bb make_fullwidth__hover_enabled=\u00a0\u00bboff\u00a0\u00bb use_custom_width__hover=\u00a0\u00bboff\u00a0\u00bb use_custom_width__hover_enabled=\u00a0\u00bboff\u00a0\u00bb width_unit__hover=\u00a0\u00bbon\u00a0\u00bb width_unit__hover_enabled=\u00a0\u00bbon\u00a0\u00bb][et_pb_row _builder_version=\u00a0\u00bb4.27.0&Prime; custom_padding=\u00a0\u00bb100px||||false|false\u00a0\u00bb use_custom_width=\u00a0\u00bbon\u00a0\u00bb custom_width_px=\u00a0\u00bb1280px\u00a0\u00bb custom_width_px__hover=\u00a0\u00bb1080px\u00a0\u00bb custom_width_px__hover_enabled=\u00a0\u00bb1080px\u00a0\u00bb custom_width_percent__hover=\u00a0\u00bb80%\u00a0\u00bb custom_width_percent__hover_enabled=\u00a0\u00bb80%\u00a0\u00bb global_colors_info=\u00a0\u00bb{}\u00a0\u00bb make_fullwidth__hover=\u00a0\u00bboff\u00a0\u00bb make_fullwidth__hover_enabled=\u00a0\u00bboff\u00a0\u00bb use_custom_width__hover=\u00a0\u00bboff\u00a0\u00bb use_custom_width__hover_enabled=\u00a0\u00bboff\u00a0\u00bb width_unit__hover=\u00a0\u00bbon\u00a0\u00bb width_unit__hover_enabled=\u00a0\u00bbon\u00a0\u00bb][et_pb_column type=\u00a0\u00bb4_4&Prime; _builder_version=\u00a0\u00bb4.16&Prime; global_colors_info=\u00a0\u00bb{}\u00a0\u00bb padding_tablet=\u00a0\u00bb30px||10px\u00a0\u00bb padding_last_edited=\u00a0\u00bbon|tablet\u00a0\u00bb padding_phone=\u00a0\u00bb30px||10px\u00a0\u00bb][et_pb_text _builder_version=\u00a0\u00bb4.27.4&Prime; _dynamic_attributes=\u00a0\u00bbcontent\u00a0\u00bb _module_preset=\u00a0\u00bbe598b17a-9229-42f6-b238-019d6094332e\u00a0\u00bb header_font=\u00a0\u00bbNoto Serif Display||||||||\u00a0\u00bb header_text_color=\u00a0\u00bb#161616&Prime; header_font_size=\u00a0\u00bb78px\u00a0\u00bb header_line_height=\u00a0\u00bb1.15em\u00a0\u00bb width=\u00a0\u00bb80%\u00a0\u00bb custom_margin=\u00a0\u00bb||0px||false|false\u00a0\u00bb header_font_size_tablet=\u00a0\u00bb40px\u00a0\u00bb header_font_size_phone=\u00a0\u00bb24px\u00a0\u00bb header_font_size_last_edited=\u00a0\u00bbon|desktop\u00a0\u00bb locked=\u00a0\u00bboff\u00a0\u00bb global_colors_info=\u00a0\u00bb{}\u00a0\u00bb]@ET-DC@eyJkeW5hbWljIjp0cnVlLCJjb250ZW50IjoicG9zdF90aXRsZSIsInNldHRpbmdzIjp7ImJlZm9yZSI6IjxoMT4iLCJhZnRlciI6IjwvaDE+IiwiZW5hYmxlX2h0bWwiOiJvZmYifX0=@[\/et_pb_text][et_pb_post_title title=\u00a0\u00bboff\u00a0\u00bb author=\u00a0\u00bboff\u00a0\u00bb comments=\u00a0\u00bboff\u00a0\u00bb featured_image=\u00a0\u00bboff\u00a0\u00bb _builder_version=\u00a0\u00bb4.27.0&Prime; _module_preset=\u00a0\u00bbdefault\u00a0\u00bb meta_font=\u00a0\u00bb&#8211;et_global_body_font||||||||\u00a0\u00bb meta_text_color=\u00a0\u00bb#372B9B\u00a0\u00bb text_orientation=\u00a0\u00bbright\u00a0\u00bb text_orientation_tablet=\u00a0\u00bbleft\u00a0\u00bb text_orientation_phone=\u00a0\u00bb\u00a0\u00bb text_orientation_last_edited=\u00a0\u00bbon|tablet\u00a0\u00bb global_colors_info=\u00a0\u00bb{}\u00a0\u00bb][\/et_pb_post_title][\/et_pb_column][\/et_pb_row][et_pb_row column_structure=\u00a0\u00bb1_4,3_4&Prime; _builder_version=\u00a0\u00bb4.16&Prime; _module_preset=\u00a0\u00bbdefault\u00a0\u00bb custom_padding=\u00a0\u00bb0px|||||\u00a0\u00bb global_colors_info=\u00a0\u00bb{}\u00a0\u00bb][et_pb_column type=\u00a0\u00bb1_4&Prime; _builder_version=\u00a0\u00bb4.16&Prime; _module_preset=\u00a0\u00bbdefault\u00a0\u00bb global_colors_info=\u00a0\u00bb{}\u00a0\u00bb][et_pb_blurb title=\u00a0\u00bbLire plus\u00a0\u00bb url=\u00a0\u00bb#content\u00a0\u00bb use_icon=\u00a0\u00bbon\u00a0\u00bb font_icon=\u00a0\u00bb&#x22;||divi||400&Prime; icon_color=\u00a0\u00bb#372B9B\u00a0\u00bb image_icon_background_color=\u00a0\u00bbRGBA(0,0,0,0)\u00a0\u00bb image_icon_width=\u00a0\u00bb25px\u00a0\u00bb icon_alignment=\u00a0\u00bbright\u00a0\u00bb _builder_version=\u00a0\u00bb4.27.0&Prime; _module_preset=\u00a0\u00bb521c4e81-3969-4381-9799-ddf204198e91&Prime; header_font=\u00a0\u00bbVidaloka||||||||\u00a0\u00bb image_icon_custom_padding=\u00a0\u00bb25px|25px|25px|25px|false|false\u00a0\u00bb text_orientation=\u00a0\u00bbright\u00a0\u00bb animation=\u00a0\u00bboff\u00a0\u00bb border_radii_image=\u00a0\u00bbon|100%|100%|100%|100%\u00a0\u00bb border_width_all_image=\u00a0\u00bb3px\u00a0\u00bb border_color_all_image=\u00a0\u00bb#DDBE40&Prime; icon_font_size=\u00a0\u00bb16px\u00a0\u00bb use_circle=\u00a0\u00bbon\u00a0\u00bb use_circle_border=\u00a0\u00bbon\u00a0\u00bb circle_border_color=\u00a0\u00bb#E09900&Prime; circle_color=\u00a0\u00bbRGBA(0,0,0,0)\u00a0\u00bb global_colors_info=\u00a0\u00bb{}\u00a0\u00bb image_icon_background_color__sticky_enabled=\u00a0\u00bb#7EBEC5&Prime; image_icon_background_color__sticky=\u00a0\u00bb#7EBEC5&Prime;][\/et_pb_blurb][\/et_pb_column][et_pb_column type=\u00a0\u00bb3_4&Prime; _builder_version=\u00a0\u00bb4.16&Prime; _module_preset=\u00a0\u00bbdefault\u00a0\u00bb global_colors_info=\u00a0\u00bb{}\u00a0\u00bb][et_pb_image src=\u00a0\u00bb@ET-DC@eyJkeW5hbWljIjp0cnVlLCJjb250ZW50IjoicG9zdF9mZWF0dXJlZF9pbWFnZSIsInNldHRpbmdzIjp7ImVuYWJsZV9odG1sIjoib2ZmIn19@\u00a0\u00bb _builder_version=\u00a0\u00bb4.16&Prime; _dynamic_attributes=\u00a0\u00bbsrc\u00a0\u00bb _module_preset=\u00a0\u00bbdefault\u00a0\u00bb locked=\u00a0\u00bboff\u00a0\u00bb global_colors_info=\u00a0\u00bb{}\u00a0\u00bb][\/et_pb_image][\/et_pb_column][\/et_pb_row][et_pb_row _builder_version=\u00a0\u00bb4.27.0&Prime; _module_preset=\u00a0\u00bbdefault\u00a0\u00bb global_colors_info=\u00a0\u00bb{}\u00a0\u00bb][et_pb_column type=\u00a0\u00bb4_4&Prime; _builder_version=\u00a0\u00bb4.27.0&Prime; _module_preset=\u00a0\u00bbdefault\u00a0\u00bb global_colors_info=\u00a0\u00bb{}\u00a0\u00bb][et_pb_text _builder_version=\u00a0\u00bb4.27.4&Prime; _module_preset=\u00a0\u00bbdefault\u00a0\u00bb header_3_text_align=\u00a0\u00bbcenter\u00a0\u00bb header_3_font_size=\u00a0\u00bb23px\u00a0\u00bb header_3_line_height=\u00a0\u00bb1.4em\u00a0\u00bb global_colors_info=\u00a0\u00bb{}\u00a0\u00bb]<\/p>\n<h3>La propri\u00e9t\u00e9 intellectuelle (PI) englobe un large \u00e9ventail de travaux cr\u00e9atifs et novateurs, allant des inventions aux cr\u00e9ations litt\u00e9raires et artistiques, en passant par les designs. Bien qu\u2019il ne soit pas possible de revendiquer un monopole sur de simples id\u00e9es ou concepts, il existe des moyens efficaces de prot\u00e9ger les fruits de votre travail intellectuel.   <\/h3>\n<p>[\/et_pb_text][\/et_pb_column][\/et_pb_row][\/et_pb_section][et_pb_section fb_built=\u00a0\u00bb1&Prime; admin_label=\u00a0\u00bbContent\u00a0\u00bb module_id=\u00a0\u00bbcontent\u00a0\u00bb _builder_version=\u00a0\u00bb4.16&Prime; custom_padding=\u00a0\u00bb22px|||||\u00a0\u00bb custom_width_px__hover=\u00a0\u00bb1080px\u00a0\u00bb custom_width_px__hover_enabled=\u00a0\u00bb1080px\u00a0\u00bb custom_width_percent__hover=\u00a0\u00bb80%\u00a0\u00bb custom_width_percent__hover_enabled=\u00a0\u00bb80%\u00a0\u00bb global_colors_info=\u00a0\u00bb{}\u00a0\u00bb make_fullwidth__hover=\u00a0\u00bboff\u00a0\u00bb make_fullwidth__hover_enabled=\u00a0\u00bboff\u00a0\u00bb use_custom_width__hover=\u00a0\u00bboff\u00a0\u00bb use_custom_width__hover_enabled=\u00a0\u00bboff\u00a0\u00bb width_unit__hover=\u00a0\u00bbon\u00a0\u00bb width_unit__hover_enabled=\u00a0\u00bbon\u00a0\u00bb][et_pb_row _builder_version=\u00a0\u00bb4.27.0&Prime; _module_preset=\u00a0\u00bbdefault\u00a0\u00bb custom_margin=\u00a0\u00bb|auto|31px|auto||\u00a0\u00bb global_colors_info=\u00a0\u00bb{}\u00a0\u00bb][et_pb_column type=\u00a0\u00bb4_4&Prime; _builder_version=\u00a0\u00bb4.27.0&Prime; _module_preset=\u00a0\u00bbdefault\u00a0\u00bb global_colors_info=\u00a0\u00bb{}\u00a0\u00bb][et_pb_image src=\u00a0\u00bbhttps:\/\/new.prins.swiss\/wp-content\/uploads\/2024\/01\/PRINS-losange.png\u00a0\u00bb title_text=\u00a0\u00bbPRINS-losange\u00a0\u00bb _builder_version=\u00a0\u00bb4.27.0&Prime; _module_preset=\u00a0\u00bbdefault\u00a0\u00bb width=\u00a0\u00bb8%\u00a0\u00bb module_alignment=\u00a0\u00bbcenter\u00a0\u00bb global_colors_info=\u00a0\u00bb{}\u00a0\u00bb][\/et_pb_image][et_pb_text _builder_version=\u00a0\u00bb4.27.0&Prime; _module_preset=\u00a0\u00bb003e9429-8e11-4d9e-968b-8881092bbf81&Prime; header_2_font=\u00a0\u00bbNoto Serif Display|600|||||||\u00a0\u00bb header_2_text_color=\u00a0\u00bb#FFFFFF\u00a0\u00bb header_2_font_size=\u00a0\u00bb45px\u00a0\u00bb header_2_line_height=\u00a0\u00bb1.35em\u00a0\u00bb use_background_color_gradient=\u00a0\u00bbon\u00a0\u00bb background_color_gradient_stops=\u00a0\u00bbrgba(55,43,155,0.61) 0%|rgba(221,190,64,0.79) 99%\u00a0\u00bb background_color_gradient_overlays_image=\u00a0\u00bbon\u00a0\u00bb background_image=\u00a0\u00bbhttps:\/\/new.prins.swiss\/wp-content\/uploads\/2024\/05\/img_copyrights.jpg\u00a0\u00bb custom_margin=\u00a0\u00bb||45px|||\u00a0\u00bb custom_padding=\u00a0\u00bb45px|20px|42px|20px|false|true\u00a0\u00bb header_2_font_size_tablet=\u00a0\u00bb30px\u00a0\u00bb header_2_font_size_phone=\u00a0\u00bb20px\u00a0\u00bb header_2_font_size_last_edited=\u00a0\u00bbon|desktop\u00a0\u00bb global_colors_info=\u00a0\u00bb{}\u00a0\u00bb]<\/p>\n<h2 style=\"text-align: center;\">1. Qu&rsquo;entend-on par \u00ab\u00a0id\u00e9es\u00a0\u00bb ?<\/h2>\n<p>[\/et_pb_text][et_pb_text _builder_version=\u00a0\u00bb4.27.0&Prime; _module_preset=\u00a0\u00bb7262e956-c376-4aa6-9642-c413f71527d0&Prime; text_font=\u00a0\u00bb|300|||||||\u00a0\u00bb text_text_color=\u00a0\u00bbgcid-76e191ee-a782-4980-80ca-8ed9cefea55c\u00a0\u00bb text_font_size=\u00a0\u00bb22px\u00a0\u00bb text_line_height=\u00a0\u00bb1.4em\u00a0\u00bb header_3_font=\u00a0\u00bb|800|||||||\u00a0\u00bb header_3_font_size=\u00a0\u00bb26px\u00a0\u00bb text_font_size_tablet=\u00a0\u00bb\u00a0\u00bb text_font_size_phone=\u00a0\u00bb13px\u00a0\u00bb text_font_size_last_edited=\u00a0\u00bbon|phone\u00a0\u00bb header_font_size_tablet=\u00a0\u00bb55px\u00a0\u00bb header_font_size_last_edited=\u00a0\u00bboff|desktop\u00a0\u00bb global_colors_info=\u00a0\u00bb{%22gcid-76e191ee-a782-4980-80ca-8ed9cefea55c%22:%91%22text_text_color%22%93}\u00a0\u00bb]<\/p>\n<p>L\u2019on croit souvent \u00e0 tort que la propri\u00e9t\u00e9 intellectuelle prot\u00e8ge les id\u00e9es. Si c&rsquo;\u00e9tait le cas, cela cr\u00e9erait des situations de monopoles pr\u00e9judiciables \u00e0 la libert\u00e9 de commerce, d&rsquo;expression et de cr\u00e9ation. En r\u00e9alit\u00e9, la protection de la propri\u00e9t\u00e9 intellectuelle ne s&rsquo;\u00e9tend pas aux id\u00e9es brutes, mais aux expressions tangibles ou aux r\u00e9sultats mat\u00e9rialis\u00e9s de ces id\u00e9es, tels que les \u0153uvres \u00e9crites, les inventions mat\u00e9rialis\u00e9es ou les cr\u00e9ations artistiques.  <\/p>\n<p>&nbsp;<\/p>\n<h3><u>\u00c9tape 1 :<\/u> Mettez vos id\u00e9es par \u00e9crit et d\u00e9terminez comment elles peuvent se concr\u00e9tiser<\/h3>\n<p>[\/et_pb_text][\/et_pb_column][\/et_pb_row][et_pb_row _builder_version=\u00a0\u00bb4.27.0&Prime; _module_preset=\u00a0\u00bbdefault\u00a0\u00bb global_colors_info=\u00a0\u00bb{}\u00a0\u00bb][et_pb_column type=\u00a0\u00bb4_4&Prime; _builder_version=\u00a0\u00bb4.27.0&Prime; _module_preset=\u00a0\u00bbdefault\u00a0\u00bb global_colors_info=\u00a0\u00bb{}\u00a0\u00bb][et_pb_image src=\u00a0\u00bbhttps:\/\/new.prins.swiss\/wp-content\/uploads\/2024\/01\/PRINS-losange.png\u00a0\u00bb title_text=\u00a0\u00bbPRINS-losange\u00a0\u00bb _builder_version=\u00a0\u00bb4.27.0&Prime; _module_preset=\u00a0\u00bbdefault\u00a0\u00bb width=\u00a0\u00bb8%\u00a0\u00bb module_alignment=\u00a0\u00bbcenter\u00a0\u00bb global_colors_info=\u00a0\u00bb{}\u00a0\u00bb][\/et_pb_image][et_pb_text _builder_version=\u00a0\u00bb4.27.0&Prime; _module_preset=\u00a0\u00bb003e9429-8e11-4d9e-968b-8881092bbf81&Prime; header_2_font=\u00a0\u00bbNoto Serif Display|600|||||||\u00a0\u00bb header_2_text_color=\u00a0\u00bb#FFFFFF\u00a0\u00bb header_2_font_size=\u00a0\u00bb45px\u00a0\u00bb header_2_line_height=\u00a0\u00bb1.35em\u00a0\u00bb use_background_color_gradient=\u00a0\u00bbon\u00a0\u00bb background_color_gradient_stops=\u00a0\u00bbrgba(55,43,155,0.61) 0%|rgba(221,190,64,0.79) 99%\u00a0\u00bb background_color_gradient_overlays_image=\u00a0\u00bbon\u00a0\u00bb background_image=\u00a0\u00bbhttps:\/\/new.prins.swiss\/wp-content\/uploads\/2024\/05\/wwd93icc30y.jpg\u00a0\u00bb custom_margin=\u00a0\u00bb||45px|||\u00a0\u00bb custom_padding=\u00a0\u00bb45px||42px|||\u00a0\u00bb header_2_font_size_tablet=\u00a0\u00bb30px\u00a0\u00bb header_2_font_size_phone=\u00a0\u00bb20px\u00a0\u00bb header_2_font_size_last_edited=\u00a0\u00bbon|desktop\u00a0\u00bb global_colors_info=\u00a0\u00bb{}\u00a0\u00bb]<\/p>\n<h2 style=\"text-align: center;\">2. D\u00e9veloppez autour de vos id\u00e9es<\/h2>\n<p>[\/et_pb_text][et_pb_text _builder_version=\u00a0\u00bb4.27.0&Prime; _module_preset=\u00a0\u00bb7262e956-c376-4aa6-9642-c413f71527d0&Prime; text_font=\u00a0\u00bb|300|||||||\u00a0\u00bb text_text_color=\u00a0\u00bbgcid-76e191ee-a782-4980-80ca-8ed9cefea55c\u00a0\u00bb text_font_size=\u00a0\u00bb22px\u00a0\u00bb text_line_height=\u00a0\u00bb1.4em\u00a0\u00bb header_3_font=\u00a0\u00bb|800|||||||\u00a0\u00bb header_3_font_size=\u00a0\u00bb26px\u00a0\u00bb text_font_size_tablet=\u00a0\u00bb\u00a0\u00bb text_font_size_phone=\u00a0\u00bb13px\u00a0\u00bb text_font_size_last_edited=\u00a0\u00bbon|phone\u00a0\u00bb header_font_size_tablet=\u00a0\u00bb55px\u00a0\u00bb header_font_size_last_edited=\u00a0\u00bboff|desktop\u00a0\u00bb global_colors_info=\u00a0\u00bb{%22gcid-76e191ee-a782-4980-80ca-8ed9cefea55c%22:%91%22text_text_color%22%93}\u00a0\u00bb]<\/p>\n<p>Si les id\u00e9es en tant que telles ne b\u00e9n\u00e9ficient pas d&rsquo;une protection juridique, certains \u00e9l\u00e9ments qui les entourent peuvent \u00eatre s\u00e9curis\u00e9s.<\/p>\n<p>Afin de permettre \u00e0 votre conseil en PI d&rsquo;identifier quels droits privil\u00e9gier, proc\u00e9der dans l&rsquo;ordre suivant:<\/p>\n<ul>\n<li>Documentez le d\u00e9veloppement de votre projet, en conservant des traces d\u00e9taill\u00e9es de votre processus cr\u00e9atif, y compris les croquis, les \u00e9bauches et les prototypes.<\/li>\n<li>Transformez votre id\u00e9e en une forme tangible\/mat\u00e9rielle, comme un prototype, une d\u00e9mo de logiciel, un dessin&#8230;<\/li>\n<li>Identifiez ce qui rend votre projet <u>unique<\/u>, qu&rsquo;il s&rsquo;agisse d&rsquo;un produit r\u00e9sultant de l&rsquo;id\u00e9e ou de la mani\u00e8re dont vous fournissez cette id\u00e9e et donnez-lui un nom distinctif sur lequel vous pourrez communiquer.<\/li>\n<\/ul>\n<p>Tout au long de ces \u00e9tapes, le plus important sera de conserver un secret absolu ou de l&rsquo;imposer aux tiers impliqu\u00e9s dans le processus au moyen d&rsquo;un NDA (accord de non divulgation). L&rsquo;exp\u00e9rience d\u00e9montre qu&rsquo;il ne faut pas accorder sa confiance trop rapidement lorsque l&rsquo;on d\u00e9veloppe de nouveaux concepts (pensez \u00e0 Facebook\/M. Zuckerberg). <\/p>\n<p>&nbsp;<\/p>\n<h3>Etape 2: Identifiez vos points forts et gardez-les secrets<\/h3>\n<p>[\/et_pb_text][\/et_pb_column][\/et_pb_row][et_pb_row _builder_version=\u00a0\u00bb4.27.0&Prime; _module_preset=\u00a0\u00bbdefault\u00a0\u00bb custom_margin=\u00a0\u00bb60px|auto||auto||\u00a0\u00bb global_colors_info=\u00a0\u00bb{}\u00a0\u00bb][et_pb_column type=\u00a0\u00bb4_4&Prime; _builder_version=\u00a0\u00bb4.27.0&Prime; _module_preset=\u00a0\u00bbdefault\u00a0\u00bb global_colors_info=\u00a0\u00bb{}\u00a0\u00bb][et_pb_image src=\u00a0\u00bbhttps:\/\/new.prins.swiss\/wp-content\/uploads\/2024\/01\/PRINS-losange.png\u00a0\u00bb title_text=\u00a0\u00bbPRINS-losange\u00a0\u00bb _builder_version=\u00a0\u00bb4.27.0&Prime; _module_preset=\u00a0\u00bbdefault\u00a0\u00bb width=\u00a0\u00bb8%\u00a0\u00bb module_alignment=\u00a0\u00bbcenter\u00a0\u00bb global_colors_info=\u00a0\u00bb{}\u00a0\u00bb][\/et_pb_image][et_pb_text _builder_version=\u00a0\u00bb4.27.0&Prime; _module_preset=\u00a0\u00bb003e9429-8e11-4d9e-968b-8881092bbf81&Prime; header_2_font=\u00a0\u00bbNoto Serif Display|600|||||||\u00a0\u00bb header_2_text_color=\u00a0\u00bb#FFFFFF\u00a0\u00bb header_2_font_size=\u00a0\u00bb45px\u00a0\u00bb header_2_line_height=\u00a0\u00bb1.35em\u00a0\u00bb use_background_color_gradient=\u00a0\u00bbon\u00a0\u00bb background_color_gradient_stops=\u00a0\u00bbrgba(55,43,155,0.61) 0%|rgba(221,190,64,0.79) 99%\u00a0\u00bb background_color_gradient_overlays_image=\u00a0\u00bbon\u00a0\u00bb background_image=\u00a0\u00bbhttps:\/\/new.prins.swiss\/wp-content\/uploads\/2024\/05\/b30xl_m3fso.jpg\u00a0\u00bb custom_margin=\u00a0\u00bb||45px|||\u00a0\u00bb custom_padding=\u00a0\u00bb66px||59px|||\u00a0\u00bb header_2_font_size_tablet=\u00a0\u00bb30px\u00a0\u00bb header_2_font_size_phone=\u00a0\u00bb20px\u00a0\u00bb header_2_font_size_last_edited=\u00a0\u00bbon|desktop\u00a0\u00bb global_colors_info=\u00a0\u00bb{}\u00a0\u00bb]<\/p>\n<h2 style=\"text-align: center;\">3. D\u00e9poser une demande de protection de la propri\u00e9t\u00e9 intellectuelle<\/h2>\n<p>[\/et_pb_text][et_pb_text _builder_version=\u00a0\u00bb4.27.0&Prime; _module_preset=\u00a0\u00bb7262e956-c376-4aa6-9642-c413f71527d0&Prime; text_font=\u00a0\u00bb|300|||||||\u00a0\u00bb text_text_color=\u00a0\u00bbgcid-76e191ee-a782-4980-80ca-8ed9cefea55c\u00a0\u00bb text_font_size=\u00a0\u00bb22px\u00a0\u00bb text_line_height=\u00a0\u00bb1.4em\u00a0\u00bb text_font_size_tablet=\u00a0\u00bb\u00a0\u00bb text_font_size_phone=\u00a0\u00bb13px\u00a0\u00bb text_font_size_last_edited=\u00a0\u00bbon|phone\u00a0\u00bb header_font_size_tablet=\u00a0\u00bb55px\u00a0\u00bb header_font_size_last_edited=\u00a0\u00bboff|desktop\u00a0\u00bb global_colors_info=\u00a0\u00bb{%22gcid-76e191ee-a782-4980-80ca-8ed9cefea55c%22:%91%22text_text_color%22%93}\u00a0\u00bb]<\/p>\n<p>En fonction de la nature des manifestations tangibles de votre concept, vous pouvez demander les droits de propri\u00e9t\u00e9 intellectuelle appropri\u00e9s.<\/p>\n<p>&#8211; <strong>Les droits d&rsquo;auteur <\/strong>prot\u00e8gent l&rsquo;expression des id\u00e9es, notamment les \u0153uvres litt\u00e9raires et artistiques, y compris les livres, la musique, les peintures, les films et les programmes informatiques. Ils accordent aux cr\u00e9ateurs le droit de contr\u00f4ler la mani\u00e8re dont leurs \u0153uvres sont reproduites, distribu\u00e9es et ex\u00e9cut\u00e9es, et de percevoir des redevances lorsque d&rsquo;autres les utilisent. <br \/>&#8211; Les brevets prot\u00e8gent les inventions nouvelles et non \u00e9videntes, telles que les nouveaux produits, proc\u00e9d\u00e9s, m\u00e9thodes et produits \u00e0 partir de nouvelles m\u00e9thodes. Par exemple, un algorithme logiciel r\u00e9volutionnaire ou un dispositif m\u00e9dical unique. <\/p>\n<p>&#8211;<strong> Les marques de commerce<\/strong> permettent de distinguer les produits ou les services d&rsquo;une entreprise de ceux des autres. Elles comprennent les \u00e9l\u00e9ments verbaux et les \u00e9l\u00e9ments figuratifs, tels que les noms de marques et les logos, par exemple. Elles emp\u00eachent toute confusion sur le march\u00e9, favorisent la reconnaissance de la marque et sont un facteur cl\u00e9 de la confiance et de la fid\u00e9lit\u00e9 des consommateurs. Par exemple, une marque forte permet d&rsquo;attribuer sans \u00e9quivoque la r\u00e9alisation de votre id\u00e9e ou de votre concept \u00e0 vous-m\u00eame, \u00e0 votre r\u00e9putation, \u00e0 votre entreprise, de sorte que le public puisse reconna\u00eetre instantan\u00e9ment le niveau de qualit\u00e9 souhait\u00e9 et le style particulier qu&rsquo;il recherche.   <\/p>\n<p>&#8211; <strong>R\u00e9servation de noms de domaine <\/strong>: bien qu&rsquo;il ne s&rsquo;agisse pas d&rsquo;un droit de propri\u00e9t\u00e9 intellectuelle traditionnel, les noms de domaine sont essentiels \u00e0 la pr\u00e9sence en ligne et garantissent l&rsquo;exclusivit\u00e9 et la visibilit\u00e9 sur l&rsquo;internet.<\/p>\n<p>&#8211; <strong>Les dessins et mod\u00e8les industriels (designs) <\/strong>prot\u00e8gent les aspects esth\u00e9tiques des articles fonctionnels. Ils couvrent les formes, les motifs et l&rsquo;ornementation, de la forme originale d&rsquo;un flacon de parfum \u00e0 la forme stylis\u00e9e d&rsquo;une chaise. Les droits sur les dessins et mod\u00e8les emp\u00eachent la copie non autoris\u00e9e de la conception visuelle\/esth\u00e9tique de produits, ce qui permet aux fabricants de pr\u00e9server l&rsquo;aspect unique de leurs produits.  <\/p>\n<p>&#8211; Enfin, <strong>si vous pensez que le contenu de votre id\u00e9e peut vous procurer un avantage concurrentiel s&rsquo;il n&rsquo;est pas divulgu\u00e9,<\/strong> traitez-le comme un secret de fabrique : limitez-en l&rsquo;acc\u00e8s aux seules personnes autoris\u00e9es, en concluant des accords de confidentialit\u00e9 (NDA) avec vos employ\u00e9s, vos sous-traitants et vos partenaires. Sa protection d\u00e9pendra du type de produit et de la capacit\u00e9 temporelle \u00e0 le garder secret. <\/p>\n<p>[\/et_pb_text][\/et_pb_column][\/et_pb_row][et_pb_row _builder_version=\u00a0\u00bb4.27.0&Prime; _module_preset=\u00a0\u00bbdefault\u00a0\u00bb use_background_color_gradient=\u00a0\u00bbon\u00a0\u00bb background_color_gradient_stops=\u00a0\u00bbrgba(55,43,155,0.78) 0%|#ddbe40 100%\u00a0\u00bb background_color_gradient_overlays_image=\u00a0\u00bbon\u00a0\u00bb background_image=\u00a0\u00bbhttps:\/\/new.prins.swiss\/wp-content\/uploads\/2024\/05\/rrhhzityizg.jpg\u00a0\u00bb custom_margin=\u00a0\u00bb67px|auto||auto||\u00a0\u00bb custom_padding=\u00a0\u00bb73px||65px|||\u00a0\u00bb global_colors_info=\u00a0\u00bb{}\u00a0\u00bb][et_pb_column type=\u00a0\u00bb4_4&Prime; _builder_version=\u00a0\u00bb4.27.0&Prime; _module_preset=\u00a0\u00bbdefault\u00a0\u00bb global_colors_info=\u00a0\u00bb{}\u00a0\u00bb][et_pb_image src=\u00a0\u00bbhttps:\/\/new.prins.swiss\/wp-content\/uploads\/2024\/01\/PRINS-losange.png\u00a0\u00bb title_text=\u00a0\u00bbPRINS-losange\u00a0\u00bb _builder_version=\u00a0\u00bb4.27.0&Prime; _module_preset=\u00a0\u00bbdefault\u00a0\u00bb width=\u00a0\u00bb8%\u00a0\u00bb module_alignment=\u00a0\u00bbcenter\u00a0\u00bb global_colors_info=\u00a0\u00bb{}\u00a0\u00bb][\/et_pb_image][et_pb_text _builder_version=\u00a0\u00bb4.27.0&Prime; _module_preset=\u00a0\u00bb003e9429-8e11-4d9e-968b-8881092bbf81&Prime; header_2_font=\u00a0\u00bbNoto Serif Display|600|||||||\u00a0\u00bb header_2_text_color=\u00a0\u00bb#FFFFFF\u00a0\u00bb header_2_font_size=\u00a0\u00bb59px\u00a0\u00bb header_2_line_height=\u00a0\u00bb1.35em\u00a0\u00bb custom_margin=\u00a0\u00bb||11px|||\u00a0\u00bb header_2_font_size_tablet=\u00a0\u00bb30px\u00a0\u00bb header_2_font_size_phone=\u00a0\u00bb20px\u00a0\u00bb header_2_font_size_last_edited=\u00a0\u00bbon|desktop\u00a0\u00bb global_colors_info=\u00a0\u00bb{}\u00a0\u00bb]<\/p>\n<h2 style=\"text-align: center;\">En r\u00e9sum\u00e9,<\/h2>\n<p>[\/et_pb_text][et_pb_text _builder_version=\u00a0\u00bb4.27.0&Prime; _module_preset=\u00a0\u00bb7262e956-c376-4aa6-9642-c413f71527d0&Prime; text_font=\u00a0\u00bb|300|||||||\u00a0\u00bb text_text_color=\u00a0\u00bbgcid-76e191ee-a782-4980-80ca-8ed9cefea55c\u00a0\u00bb text_font_size=\u00a0\u00bb22px\u00a0\u00bb text_line_height=\u00a0\u00bb1.4em\u00a0\u00bb header_text_color=\u00a0\u00bb#FFFFFF\u00a0\u00bb header_3_text_align=\u00a0\u00bbcenter\u00a0\u00bb header_3_text_color=\u00a0\u00bb#FFFFFF\u00a0\u00bb header_3_font_size=\u00a0\u00bb29px\u00a0\u00bb header_3_line_height=\u00a0\u00bb1.2em\u00a0\u00bb width=\u00a0\u00bb83%\u00a0\u00bb module_alignment=\u00a0\u00bbcenter\u00a0\u00bb text_font_size_tablet=\u00a0\u00bb\u00a0\u00bb text_font_size_phone=\u00a0\u00bb13px\u00a0\u00bb text_font_size_last_edited=\u00a0\u00bbon|phone\u00a0\u00bb header_font_size_tablet=\u00a0\u00bb55px\u00a0\u00bb header_font_size_last_edited=\u00a0\u00bboff|desktop\u00a0\u00bb global_colors_info=\u00a0\u00bb{%22gcid-76e191ee-a782-4980-80ca-8ed9cefea55c%22:%91%22text_text_color%22%93}\u00a0\u00bb]<\/p>\n<h3>la compr\u00e9hension des droits de propri\u00e9t\u00e9 intellectuelle est devenue indispensable \u00e0 la croissance perp\u00e9tuelle de l&rsquo;innovation, quel que soit le domaine d&rsquo;activit\u00e9. Si les id\u00e9es restent libres pour tous, la valeur r\u00e9side dans ce que vous construisez autour d&rsquo;elles. En prot\u00e9geant strat\u00e9giquement vos travaux cr\u00e9atifs et vos r\u00e9alisations, vous pouvez trouver le juste \u00e9quilibre entre la production d&rsquo;id\u00e9es et la s\u00e9curisation de votre dur labeur.  <\/h3>\n<p>[\/et_pb_text][\/et_pb_column][\/et_pb_row][et_pb_row _builder_version=\u00a0\u00bb4.27.0&Prime; _module_preset=\u00a0\u00bbdefault\u00a0\u00bb global_colors_info=\u00a0\u00bb{}\u00a0\u00bb][et_pb_column type=\u00a0\u00bb4_4&Prime; _builder_version=\u00a0\u00bb4.27.0&Prime; _module_preset=\u00a0\u00bbdefault\u00a0\u00bb global_colors_info=\u00a0\u00bb{}\u00a0\u00bb][\/et_pb_column][\/et_pb_row][\/et_pb_section]<\/p>\n","protected":false},"excerpt":{"rendered":"<p>La propri\u00e9t\u00e9 intellectuelle (PI) englobe un large \u00e9ventail de travaux cr\u00e9atifs et novateurs, allant des inventions aux cr\u00e9ations litt\u00e9raires et artistiques, en passant par les designs. Bien qu\u2019il ne soit pas possible de revendiquer un monopole sur de simples id\u00e9es ou concepts, il existe des moyens efficaces de prot\u00e9ger les fruits de votre travail intellectuel.  <\/p>\n","protected":false},"author":1,"featured_media":31170,"comment_status":"closed","ping_status":"closed","sticky":false,"template":"","format":"standard","meta":{"_et_pb_use_builder":"on","_et_pb_old_content":"","_et_gb_content_width":"","footnotes":""},"categories":[34,36,49,35,48],"tags":[],"class_list":["post-31280","post","type-post","status-publish","format-standard","has-post-thumbnail","hentry","category-dernieres-actualites","category-patentes","category-droits-dauteur","category-trademark-fr","category-strategie-en-matiere-de-propriete-intellectuelle"],"yoast_head":"<!-- This site is optimized with the Yoast SEO plugin v27.5 - https:\/\/yoast.com\/product\/yoast-seo-wordpress\/ -->\n<title>Est-il possible de prot\u00e9ger des id\u00e9es par la Propri\u00e9t\u00e9 Intellectuelle? - prins.swiss<\/title>\n<meta name=\"description\" content=\"Intellectual property (IP) encompasses a wide range of creative and innovative works, from inventions and designs to literary READ MORE\" \/>\n<meta name=\"robots\" content=\"index, follow, max-snippet:-1, max-image-preview:large, max-video-preview:-1\" \/>\n<link rel=\"canonical\" href=\"https:\/\/www.prins.swiss\/fr\/comment-la-propriete-intellectuelle-protege-t-elle-vos-idees\/\" \/>\n<meta property=\"og:locale\" content=\"fr_FR\" \/>\n<meta property=\"og:type\" content=\"article\" \/>\n<meta property=\"og:title\" content=\"Est-il possible de prot\u00e9ger des id\u00e9es par la Propri\u00e9t\u00e9 Intellectuelle? - prins.swiss\" \/>\n<meta property=\"og:description\" content=\"Intellectual property (IP) encompasses a wide range of creative and innovative works, from inventions and designs to literary READ MORE\" \/>\n<meta property=\"og:url\" content=\"https:\/\/www.prins.swiss\/fr\/comment-la-propriete-intellectuelle-protege-t-elle-vos-idees\/\" \/>\n<meta property=\"og:site_name\" content=\"prins.swiss\" \/>\n<meta property=\"article:published_time\" content=\"2024-09-10T14:35:47+00:00\" \/>\n<meta property=\"article:modified_time\" content=\"2025-08-13T10:30:13+00:00\" \/>\n<meta property=\"og:image\" content=\"https:\/\/www.prins.swiss\/wp-content\/uploads\/2024\/05\/image002-1.jpg\" \/>\n\t<meta property=\"og:image:width\" content=\"853\" \/>\n\t<meta property=\"og:image:height\" content=\"981\" \/>\n\t<meta property=\"og:image:type\" content=\"image\/jpeg\" \/>\n<meta name=\"author\" content=\"marine@spinnakercommunication.ch\" \/>\n<meta name=\"twitter:card\" content=\"summary_large_image\" \/>\n<meta name=\"twitter:label1\" content=\"\u00c9crit par\" \/>\n\t<meta name=\"twitter:data1\" content=\"marine@spinnakercommunication.ch\" \/>\n\t<meta name=\"twitter:label2\" content=\"Dur\u00e9e de lecture estim\u00e9e\" \/>\n\t<meta name=\"twitter:data2\" content=\"13 minutes\" \/>\n<script type=\"application\/ld+json\" class=\"yoast-schema-graph\">{\"@context\":\"https:\\\/\\\/schema.org\",\"@graph\":[{\"@type\":\"Article\",\"@id\":\"https:\\\/\\\/www.prins.swiss\\\/fr\\\/comment-la-propriete-intellectuelle-protege-t-elle-vos-idees\\\/#article\",\"isPartOf\":{\"@id\":\"https:\\\/\\\/www.prins.swiss\\\/fr\\\/comment-la-propriete-intellectuelle-protege-t-elle-vos-idees\\\/\"},\"author\":{\"name\":\"marine@spinnakercommunication.ch\",\"@id\":\"https:\\\/\\\/www.prins.swiss\\\/fr\\\/#\\\/schema\\\/person\\\/10266da2997ae4fc82946e91e1a135ea\"},\"headline\":\"Est-il possible de prot\u00e9ger des id\u00e9es par la Propri\u00e9t\u00e9 Intellectuelle?\",\"datePublished\":\"2024-09-10T14:35:47+00:00\",\"dateModified\":\"2025-08-13T10:30:13+00:00\",\"mainEntityOfPage\":{\"@id\":\"https:\\\/\\\/www.prins.swiss\\\/fr\\\/comment-la-propriete-intellectuelle-protege-t-elle-vos-idees\\\/\"},\"wordCount\":2575,\"image\":{\"@id\":\"https:\\\/\\\/www.prins.swiss\\\/fr\\\/comment-la-propriete-intellectuelle-protege-t-elle-vos-idees\\\/#primaryimage\"},\"thumbnailUrl\":\"https:\\\/\\\/www.prins.swiss\\\/wp-content\\\/uploads\\\/2024\\\/05\\\/image002-1.jpg\",\"articleSection\":[\"Actualit\u00e9s\",\"Brevets\",\"Droits d'auteur\",\"Marques\",\"Strat\u00e9gie en mati\u00e8re de propri\u00e9t\u00e9 intellectuelle\"],\"inLanguage\":\"fr-FR\"},{\"@type\":\"WebPage\",\"@id\":\"https:\\\/\\\/www.prins.swiss\\\/fr\\\/comment-la-propriete-intellectuelle-protege-t-elle-vos-idees\\\/\",\"url\":\"https:\\\/\\\/www.prins.swiss\\\/fr\\\/comment-la-propriete-intellectuelle-protege-t-elle-vos-idees\\\/\",\"name\":\"Est-il possible de prot\u00e9ger des id\u00e9es par la Propri\u00e9t\u00e9 Intellectuelle? - prins.swiss\",\"isPartOf\":{\"@id\":\"https:\\\/\\\/www.prins.swiss\\\/fr\\\/#website\"},\"primaryImageOfPage\":{\"@id\":\"https:\\\/\\\/www.prins.swiss\\\/fr\\\/comment-la-propriete-intellectuelle-protege-t-elle-vos-idees\\\/#primaryimage\"},\"image\":{\"@id\":\"https:\\\/\\\/www.prins.swiss\\\/fr\\\/comment-la-propriete-intellectuelle-protege-t-elle-vos-idees\\\/#primaryimage\"},\"thumbnailUrl\":\"https:\\\/\\\/www.prins.swiss\\\/wp-content\\\/uploads\\\/2024\\\/05\\\/image002-1.jpg\",\"datePublished\":\"2024-09-10T14:35:47+00:00\",\"dateModified\":\"2025-08-13T10:30:13+00:00\",\"author\":{\"@id\":\"https:\\\/\\\/www.prins.swiss\\\/fr\\\/#\\\/schema\\\/person\\\/10266da2997ae4fc82946e91e1a135ea\"},\"description\":\"Intellectual property (IP) encompasses a wide range of creative and innovative works, from inventions and designs to literary READ MORE\",\"breadcrumb\":{\"@id\":\"https:\\\/\\\/www.prins.swiss\\\/fr\\\/comment-la-propriete-intellectuelle-protege-t-elle-vos-idees\\\/#breadcrumb\"},\"inLanguage\":\"fr-FR\",\"potentialAction\":[{\"@type\":\"ReadAction\",\"target\":[\"https:\\\/\\\/www.prins.swiss\\\/fr\\\/comment-la-propriete-intellectuelle-protege-t-elle-vos-idees\\\/\"]}]},{\"@type\":\"ImageObject\",\"inLanguage\":\"fr-FR\",\"@id\":\"https:\\\/\\\/www.prins.swiss\\\/fr\\\/comment-la-propriete-intellectuelle-protege-t-elle-vos-idees\\\/#primaryimage\",\"url\":\"https:\\\/\\\/www.prins.swiss\\\/wp-content\\\/uploads\\\/2024\\\/05\\\/image002-1.jpg\",\"contentUrl\":\"https:\\\/\\\/www.prins.swiss\\\/wp-content\\\/uploads\\\/2024\\\/05\\\/image002-1.jpg\",\"width\":853,\"height\":981},{\"@type\":\"BreadcrumbList\",\"@id\":\"https:\\\/\\\/www.prins.swiss\\\/fr\\\/comment-la-propriete-intellectuelle-protege-t-elle-vos-idees\\\/#breadcrumb\",\"itemListElement\":[{\"@type\":\"ListItem\",\"position\":1,\"name\":\"Accueil\",\"item\":\"https:\\\/\\\/www.prins.swiss\\\/fr\\\/\"},{\"@type\":\"ListItem\",\"position\":2,\"name\":\"Est-il possible de prot\u00e9ger des id\u00e9es par la Propri\u00e9t\u00e9 Intellectuelle?\"}]},{\"@type\":\"WebSite\",\"@id\":\"https:\\\/\\\/www.prins.swiss\\\/fr\\\/#website\",\"url\":\"https:\\\/\\\/www.prins.swiss\\\/fr\\\/\",\"name\":\"prins.swiss\",\"description\":\"\",\"potentialAction\":[{\"@type\":\"SearchAction\",\"target\":{\"@type\":\"EntryPoint\",\"urlTemplate\":\"https:\\\/\\\/www.prins.swiss\\\/fr\\\/?s={search_term_string}\"},\"query-input\":{\"@type\":\"PropertyValueSpecification\",\"valueRequired\":true,\"valueName\":\"search_term_string\"}}],\"inLanguage\":\"fr-FR\"},{\"@type\":\"Person\",\"@id\":\"https:\\\/\\\/www.prins.swiss\\\/fr\\\/#\\\/schema\\\/person\\\/10266da2997ae4fc82946e91e1a135ea\",\"name\":\"marine@spinnakercommunication.ch\",\"image\":{\"@type\":\"ImageObject\",\"inLanguage\":\"fr-FR\",\"@id\":\"https:\\\/\\\/secure.gravatar.com\\\/avatar\\\/7f534c65ca3c401604942cbdf0d20a7256fd1f8a6bd101ce762e6340ce06b1d5?s=96&d=mm&r=g\",\"url\":\"https:\\\/\\\/secure.gravatar.com\\\/avatar\\\/7f534c65ca3c401604942cbdf0d20a7256fd1f8a6bd101ce762e6340ce06b1d5?s=96&d=mm&r=g\",\"contentUrl\":\"https:\\\/\\\/secure.gravatar.com\\\/avatar\\\/7f534c65ca3c401604942cbdf0d20a7256fd1f8a6bd101ce762e6340ce06b1d5?s=96&d=mm&r=g\",\"caption\":\"marine@spinnakercommunication.ch\"},\"sameAs\":[\"http:\\\/\\\/h23iwbdonx.preview.infomaniak.website\"],\"url\":\"https:\\\/\\\/www.prins.swiss\\\/fr\\\/author\\\/marinespinnakercommunication-ch\\\/\"}]}<\/script>\n<!-- \/ Yoast SEO plugin. -->","yoast_head_json":{"title":"Est-il possible de prot\u00e9ger des id\u00e9es par la Propri\u00e9t\u00e9 Intellectuelle? - prins.swiss","description":"Intellectual property (IP) encompasses a wide range of creative and innovative works, from inventions and designs to literary READ MORE","robots":{"index":"index","follow":"follow","max-snippet":"max-snippet:-1","max-image-preview":"max-image-preview:large","max-video-preview":"max-video-preview:-1"},"canonical":"https:\/\/www.prins.swiss\/fr\/comment-la-propriete-intellectuelle-protege-t-elle-vos-idees\/","og_locale":"fr_FR","og_type":"article","og_title":"Est-il possible de prot\u00e9ger des id\u00e9es par la Propri\u00e9t\u00e9 Intellectuelle? - prins.swiss","og_description":"Intellectual property (IP) encompasses a wide range of creative and innovative works, from inventions and designs to literary READ MORE","og_url":"https:\/\/www.prins.swiss\/fr\/comment-la-propriete-intellectuelle-protege-t-elle-vos-idees\/","og_site_name":"prins.swiss","article_published_time":"2024-09-10T14:35:47+00:00","article_modified_time":"2025-08-13T10:30:13+00:00","og_image":[{"width":853,"height":981,"url":"https:\/\/www.prins.swiss\/wp-content\/uploads\/2024\/05\/image002-1.jpg","type":"image\/jpeg"}],"author":"marine@spinnakercommunication.ch","twitter_card":"summary_large_image","twitter_misc":{"\u00c9crit par":"marine@spinnakercommunication.ch","Dur\u00e9e de lecture estim\u00e9e":"13 minutes"},"schema":{"@context":"https:\/\/schema.org","@graph":[{"@type":"Article","@id":"https:\/\/www.prins.swiss\/fr\/comment-la-propriete-intellectuelle-protege-t-elle-vos-idees\/#article","isPartOf":{"@id":"https:\/\/www.prins.swiss\/fr\/comment-la-propriete-intellectuelle-protege-t-elle-vos-idees\/"},"author":{"name":"marine@spinnakercommunication.ch","@id":"https:\/\/www.prins.swiss\/fr\/#\/schema\/person\/10266da2997ae4fc82946e91e1a135ea"},"headline":"Est-il possible de prot\u00e9ger des id\u00e9es par la Propri\u00e9t\u00e9 Intellectuelle?","datePublished":"2024-09-10T14:35:47+00:00","dateModified":"2025-08-13T10:30:13+00:00","mainEntityOfPage":{"@id":"https:\/\/www.prins.swiss\/fr\/comment-la-propriete-intellectuelle-protege-t-elle-vos-idees\/"},"wordCount":2575,"image":{"@id":"https:\/\/www.prins.swiss\/fr\/comment-la-propriete-intellectuelle-protege-t-elle-vos-idees\/#primaryimage"},"thumbnailUrl":"https:\/\/www.prins.swiss\/wp-content\/uploads\/2024\/05\/image002-1.jpg","articleSection":["Actualit\u00e9s","Brevets","Droits d'auteur","Marques","Strat\u00e9gie en mati\u00e8re de propri\u00e9t\u00e9 intellectuelle"],"inLanguage":"fr-FR"},{"@type":"WebPage","@id":"https:\/\/www.prins.swiss\/fr\/comment-la-propriete-intellectuelle-protege-t-elle-vos-idees\/","url":"https:\/\/www.prins.swiss\/fr\/comment-la-propriete-intellectuelle-protege-t-elle-vos-idees\/","name":"Est-il possible de prot\u00e9ger des id\u00e9es par la Propri\u00e9t\u00e9 Intellectuelle? - prins.swiss","isPartOf":{"@id":"https:\/\/www.prins.swiss\/fr\/#website"},"primaryImageOfPage":{"@id":"https:\/\/www.prins.swiss\/fr\/comment-la-propriete-intellectuelle-protege-t-elle-vos-idees\/#primaryimage"},"image":{"@id":"https:\/\/www.prins.swiss\/fr\/comment-la-propriete-intellectuelle-protege-t-elle-vos-idees\/#primaryimage"},"thumbnailUrl":"https:\/\/www.prins.swiss\/wp-content\/uploads\/2024\/05\/image002-1.jpg","datePublished":"2024-09-10T14:35:47+00:00","dateModified":"2025-08-13T10:30:13+00:00","author":{"@id":"https:\/\/www.prins.swiss\/fr\/#\/schema\/person\/10266da2997ae4fc82946e91e1a135ea"},"description":"Intellectual property (IP) encompasses a wide range of creative and innovative works, from inventions and designs to literary READ MORE","breadcrumb":{"@id":"https:\/\/www.prins.swiss\/fr\/comment-la-propriete-intellectuelle-protege-t-elle-vos-idees\/#breadcrumb"},"inLanguage":"fr-FR","potentialAction":[{"@type":"ReadAction","target":["https:\/\/www.prins.swiss\/fr\/comment-la-propriete-intellectuelle-protege-t-elle-vos-idees\/"]}]},{"@type":"ImageObject","inLanguage":"fr-FR","@id":"https:\/\/www.prins.swiss\/fr\/comment-la-propriete-intellectuelle-protege-t-elle-vos-idees\/#primaryimage","url":"https:\/\/www.prins.swiss\/wp-content\/uploads\/2024\/05\/image002-1.jpg","contentUrl":"https:\/\/www.prins.swiss\/wp-content\/uploads\/2024\/05\/image002-1.jpg","width":853,"height":981},{"@type":"BreadcrumbList","@id":"https:\/\/www.prins.swiss\/fr\/comment-la-propriete-intellectuelle-protege-t-elle-vos-idees\/#breadcrumb","itemListElement":[{"@type":"ListItem","position":1,"name":"Accueil","item":"https:\/\/www.prins.swiss\/fr\/"},{"@type":"ListItem","position":2,"name":"Est-il possible de prot\u00e9ger des id\u00e9es par la Propri\u00e9t\u00e9 Intellectuelle?"}]},{"@type":"WebSite","@id":"https:\/\/www.prins.swiss\/fr\/#website","url":"https:\/\/www.prins.swiss\/fr\/","name":"prins.swiss","description":"","potentialAction":[{"@type":"SearchAction","target":{"@type":"EntryPoint","urlTemplate":"https:\/\/www.prins.swiss\/fr\/?s={search_term_string}"},"query-input":{"@type":"PropertyValueSpecification","valueRequired":true,"valueName":"search_term_string"}}],"inLanguage":"fr-FR"},{"@type":"Person","@id":"https:\/\/www.prins.swiss\/fr\/#\/schema\/person\/10266da2997ae4fc82946e91e1a135ea","name":"marine@spinnakercommunication.ch","image":{"@type":"ImageObject","inLanguage":"fr-FR","@id":"https:\/\/secure.gravatar.com\/avatar\/7f534c65ca3c401604942cbdf0d20a7256fd1f8a6bd101ce762e6340ce06b1d5?s=96&d=mm&r=g","url":"https:\/\/secure.gravatar.com\/avatar\/7f534c65ca3c401604942cbdf0d20a7256fd1f8a6bd101ce762e6340ce06b1d5?s=96&d=mm&r=g","contentUrl":"https:\/\/secure.gravatar.com\/avatar\/7f534c65ca3c401604942cbdf0d20a7256fd1f8a6bd101ce762e6340ce06b1d5?s=96&d=mm&r=g","caption":"marine@spinnakercommunication.ch"},"sameAs":["http:\/\/h23iwbdonx.preview.infomaniak.website"],"url":"https:\/\/www.prins.swiss\/fr\/author\/marinespinnakercommunication-ch\/"}]}},"_links":{"self":[{"href":"https:\/\/www.prins.swiss\/fr\/wp-json\/wp\/v2\/posts\/31280","targetHints":{"allow":["GET"]}}],"collection":[{"href":"https:\/\/www.prins.swiss\/fr\/wp-json\/wp\/v2\/posts"}],"about":[{"href":"https:\/\/www.prins.swiss\/fr\/wp-json\/wp\/v2\/types\/post"}],"author":[{"embeddable":true,"href":"https:\/\/www.prins.swiss\/fr\/wp-json\/wp\/v2\/users\/1"}],"replies":[{"embeddable":true,"href":"https:\/\/www.prins.swiss\/fr\/wp-json\/wp\/v2\/comments?post=31280"}],"version-history":[{"count":16,"href":"https:\/\/www.prins.swiss\/fr\/wp-json\/wp\/v2\/posts\/31280\/revisions"}],"predecessor-version":[{"id":31748,"href":"https:\/\/www.prins.swiss\/fr\/wp-json\/wp\/v2\/posts\/31280\/revisions\/31748"}],"wp:featuredmedia":[{"embeddable":true,"href":"https:\/\/www.prins.swiss\/fr\/wp-json\/wp\/v2\/media\/31170"}],"wp:attachment":[{"href":"https:\/\/www.prins.swiss\/fr\/wp-json\/wp\/v2\/media?parent=31280"}],"wp:term":[{"taxonomy":"category","embeddable":true,"href":"https:\/\/www.prins.swiss\/fr\/wp-json\/wp\/v2\/categories?post=31280"},{"taxonomy":"post_tag","embeddable":true,"href":"https:\/\/www.prins.swiss\/fr\/wp-json\/wp\/v2\/tags?post=31280"}],"curies":[{"name":"wp","href":"https:\/\/api.w.org\/{rel}","templated":true}]}}