{"id":31661,"date":"2025-08-11T16:51:39","date_gmt":"2025-08-11T14:51:39","guid":{"rendered":"https:\/\/www.prins.swiss\/?p=31661"},"modified":"2025-08-11T17:10:38","modified_gmt":"2025-08-11T15:10:38","slug":"lia-un-inventeur-non-dit-le-tribunal","status":"publish","type":"post","link":"https:\/\/www.prins.swiss\/fr\/lia-un-inventeur-non-dit-le-tribunal\/","title":{"rendered":"L&rsquo;IA, un inventeur ? Non, dit le Tribunal !"},"content":{"rendered":"<p>[et_pb_section fb_built=\u00a0\u00bb1&Prime; admin_label=\u00a0\u00bbHeader\u00a0\u00bb _builder_version=\u00a0\u00bb4.27.0&Prime; custom_margin=\u00a0\u00bb40px||||false|false\u00a0\u00bb custom_padding=\u00a0\u00bb||11px|||\u00a0\u00bb custom_width_px__hover=\u00a0\u00bb1080px\u00a0\u00bb custom_width_px__hover_enabled=\u00a0\u00bb1080px\u00a0\u00bb custom_width_percent__hover=\u00a0\u00bb80%\u00a0\u00bb custom_width_percent__hover_enabled=\u00a0\u00bb80%\u00a0\u00bb global_colors_info=\u00a0\u00bb{}\u00a0\u00bb make_fullwidth__hover=\u00a0\u00bboff\u00a0\u00bb make_fullwidth__hover_enabled=\u00a0\u00bboff\u00a0\u00bb use_custom_width__hover=\u00a0\u00bboff\u00a0\u00bb use_custom_width__hover_enabled=\u00a0\u00bboff\u00a0\u00bb width_unit__hover=\u00a0\u00bbon\u00a0\u00bb width_unit__hover_enabled=\u00a0\u00bbon\u00a0\u00bb][et_pb_row _builder_version=\u00a0\u00bb4.27.0&Prime; custom_padding=\u00a0\u00bb100px||||false|false\u00a0\u00bb use_custom_width=\u00a0\u00bbon\u00a0\u00bb custom_width_px=\u00a0\u00bb1280px\u00a0\u00bb custom_width_px__hover=\u00a0\u00bb1080px\u00a0\u00bb custom_width_px__hover_enabled=\u00a0\u00bb1080px\u00a0\u00bb custom_width_percent__hover=\u00a0\u00bb80%\u00a0\u00bb custom_width_percent__hover_enabled=\u00a0\u00bb80%\u00a0\u00bb global_colors_info=\u00a0\u00bb{}\u00a0\u00bb make_fullwidth__hover=\u00a0\u00bboff\u00a0\u00bb make_fullwidth__hover_enabled=\u00a0\u00bboff\u00a0\u00bb use_custom_width__hover=\u00a0\u00bboff\u00a0\u00bb use_custom_width__hover_enabled=\u00a0\u00bboff\u00a0\u00bb width_unit__hover=\u00a0\u00bbon\u00a0\u00bb width_unit__hover_enabled=\u00a0\u00bbon\u00a0\u00bb][et_pb_column type=\u00a0\u00bb4_4&Prime; _builder_version=\u00a0\u00bb4.16&Prime; global_colors_info=\u00a0\u00bb{}\u00a0\u00bb padding_tablet=\u00a0\u00bb30px||10px\u00a0\u00bb padding_last_edited=\u00a0\u00bbon|tablet\u00a0\u00bb padding_phone=\u00a0\u00bb30px||10px\u00a0\u00bb][et_pb_text _builder_version=\u00a0\u00bb4.27.0&Prime; _dynamic_attributes=\u00a0\u00bbcontent\u00a0\u00bb _module_preset=\u00a0\u00bbe598b17a-9229-42f6-b238-019d6094332e\u00a0\u00bb header_font=\u00a0\u00bbNoto Serif Display||||||||\u00a0\u00bb header_text_color=\u00a0\u00bb#161616&Prime; header_font_size=\u00a0\u00bb78px\u00a0\u00bb header_line_height=\u00a0\u00bb1.15em\u00a0\u00bb width=\u00a0\u00bb80%\u00a0\u00bb custom_margin=\u00a0\u00bb||0px||false|false\u00a0\u00bb header_font_size_tablet=\u00a0\u00bb40px\u00a0\u00bb header_font_size_phone=\u00a0\u00bb24px\u00a0\u00bb header_font_size_last_edited=\u00a0\u00bbon|desktop\u00a0\u00bb locked=\u00a0\u00bboff\u00a0\u00bb global_colors_info=\u00a0\u00bb{}\u00a0\u00bb]@ET-DC@eyJkeW5hbWljIjp0cnVlLCJjb250ZW50IjoicG9zdF90aXRsZSIsInNldHRpbmdzIjp7ImJlZm9yZSI6IjxoMT4iLCJhZnRlciI6IjwvaDE+IiwiZW5hYmxlX2h0bWwiOiJvZmYifX0=@[\/et_pb_text][et_pb_post_title title=\u00a0\u00bboff\u00a0\u00bb author=\u00a0\u00bboff\u00a0\u00bb date=\u00a0\u00bboff\u00a0\u00bb comments=\u00a0\u00bboff\u00a0\u00bb featured_image=\u00a0\u00bboff\u00a0\u00bb _builder_version=\u00a0\u00bb4.27.4&Prime; _module_preset=\u00a0\u00bbdefault\u00a0\u00bb meta_font=\u00a0\u00bb&#8211;et_global_body_font||||||||\u00a0\u00bb meta_text_color=\u00a0\u00bb#372B9B\u00a0\u00bb text_orientation=\u00a0\u00bbright\u00a0\u00bb text_orientation_tablet=\u00a0\u00bbleft\u00a0\u00bb text_orientation_phone=\u00a0\u00bb\u00a0\u00bb text_orientation_last_edited=\u00a0\u00bbon|tablet\u00a0\u00bb global_colors_info=\u00a0\u00bb{}\u00a0\u00bb][\/et_pb_post_title][\/et_pb_column][\/et_pb_row][et_pb_row column_structure=\u00a0\u00bb1_4,3_4&Prime; _builder_version=\u00a0\u00bb4.16&Prime; _module_preset=\u00a0\u00bbdefault\u00a0\u00bb custom_padding=\u00a0\u00bb0px|||||\u00a0\u00bb global_colors_info=\u00a0\u00bb{}\u00a0\u00bb][et_pb_column type=\u00a0\u00bb1_4&Prime; _builder_version=\u00a0\u00bb4.16&Prime; _module_preset=\u00a0\u00bbdefault\u00a0\u00bb global_colors_info=\u00a0\u00bb{}\u00a0\u00bb][et_pb_blurb title=\u00a0\u00bbLire plus\u00a0\u00bb url=\u00a0\u00bb#content\u00a0\u00bb use_icon=\u00a0\u00bbon\u00a0\u00bb font_icon=\u00a0\u00bb&#x22;||divi||400&Prime; icon_color=\u00a0\u00bb#372B9B\u00a0\u00bb image_icon_background_color=\u00a0\u00bbRGBA(0,0,0,0)\u00a0\u00bb image_icon_width=\u00a0\u00bb25px\u00a0\u00bb icon_alignment=\u00a0\u00bbright\u00a0\u00bb _builder_version=\u00a0\u00bb4.27.0&Prime; _module_preset=\u00a0\u00bb521c4e81-3969-4381-9799-ddf204198e91&Prime; header_font=\u00a0\u00bbVidaloka||||||||\u00a0\u00bb image_icon_custom_padding=\u00a0\u00bb25px|25px|25px|25px|false|false\u00a0\u00bb text_orientation=\u00a0\u00bbright\u00a0\u00bb animation=\u00a0\u00bboff\u00a0\u00bb border_radii_image=\u00a0\u00bbon|100%|100%|100%|100%\u00a0\u00bb border_width_all_image=\u00a0\u00bb3px\u00a0\u00bb border_color_all_image=\u00a0\u00bb#DDBE40&Prime; icon_font_size=\u00a0\u00bb16px\u00a0\u00bb use_circle=\u00a0\u00bbon\u00a0\u00bb use_circle_border=\u00a0\u00bbon\u00a0\u00bb circle_border_color=\u00a0\u00bb#E09900&Prime; circle_color=\u00a0\u00bbRGBA(0,0,0,0)\u00a0\u00bb global_colors_info=\u00a0\u00bb{}\u00a0\u00bb image_icon_background_color__sticky_enabled=\u00a0\u00bb#7EBEC5&Prime; image_icon_background_color__sticky=\u00a0\u00bb#7EBEC5&Prime;][\/et_pb_blurb][\/et_pb_column][et_pb_column type=\u00a0\u00bb3_4&Prime; _builder_version=\u00a0\u00bb4.16&Prime; _module_preset=\u00a0\u00bbdefault\u00a0\u00bb global_colors_info=\u00a0\u00bb{}\u00a0\u00bb][et_pb_image src=\u00a0\u00bbhttps:\/\/www.prins.swiss\/wp-content\/uploads\/2025\/08\/fhgwfzddaos.jpg\u00a0\u00bb alt=\u00a0\u00bbdeux mains se touchant l&#039;une l&#039;autre sur fond bleu\u00a0\u00bb title_text=\u00a0\u00bbPhoto : Igor Omilaev\u00a0\u00bb _builder_version=\u00a0\u00bb4.27.4&Prime; _module_preset=\u00a0\u00bbdefault\u00a0\u00bb locked=\u00a0\u00bboff\u00a0\u00bb global_colors_info=\u00a0\u00bb{}\u00a0\u00bb][\/et_pb_image][\/et_pb_column][\/et_pb_row][et_pb_row _builder_version=\u00a0\u00bb4.27.0&Prime; _module_preset=\u00a0\u00bbdefault\u00a0\u00bb global_colors_info=\u00a0\u00bb{}\u00a0\u00bb][et_pb_column type=\u00a0\u00bb4_4&Prime; _builder_version=\u00a0\u00bb4.27.0&Prime; _module_preset=\u00a0\u00bbdefault\u00a0\u00bb global_colors_info=\u00a0\u00bb{}\u00a0\u00bb][et_pb_text _builder_version=\u00a0\u00bb4.27.4&Prime; _module_preset=\u00a0\u00bbdefault\u00a0\u00bb header_3_text_align=\u00a0\u00bbcenter\u00a0\u00bb header_3_font_size=\u00a0\u00bb23px\u00a0\u00bb header_3_line_height=\u00a0\u00bb1.4em\u00a0\u00bb hover_enabled=\u00a0\u00bb0&Prime; global_colors_info=\u00a0\u00bb{}\u00a0\u00bb custom_padding=\u00a0\u00bb39px|||||\u00a0\u00bb sticky_enabled=\u00a0\u00bb0&Prime;]<\/p>\n<h3>Nos experts analysent l&rsquo;arr\u00eat du Tribunal administratif f\u00e9d\u00e9ral du 26 juin 2025<a href=\"https:\/\/www.bvger.ch\/media-releases\/41f1e066-84f9-4492-a7bb-b4941dc02790\/de\/b-2532_2024_web.pdf\">(B-2532\/2024<\/a>) refusant les droits d&rsquo;inventeur \u00e0 l&rsquo;IA, premi\u00e8re d\u00e9cision en la mati\u00e8re en Suisse.<\/h3>\n<p>[\/et_pb_text][\/et_pb_column][\/et_pb_row][\/et_pb_section][et_pb_section fb_built=\u00a0\u00bb1&Prime; admin_label=\u00a0\u00bbContent\u00a0\u00bb module_id=\u00a0\u00bbcontent\u00a0\u00bb _builder_version=\u00a0\u00bb4.16&Prime; custom_padding=\u00a0\u00bb22px|||||\u00a0\u00bb custom_width_px__hover=\u00a0\u00bb1080px\u00a0\u00bb custom_width_px__hover_enabled=\u00a0\u00bb1080px\u00a0\u00bb custom_width_percent__hover=\u00a0\u00bb80%\u00a0\u00bb custom_width_percent__hover_enabled=\u00a0\u00bb80%\u00a0\u00bb global_colors_info=\u00a0\u00bb{}\u00a0\u00bb make_fullwidth__hover=\u00a0\u00bboff\u00a0\u00bb make_fullwidth__hover_enabled=\u00a0\u00bboff\u00a0\u00bb use_custom_width__hover=\u00a0\u00bboff\u00a0\u00bb use_custom_width__hover_enabled=\u00a0\u00bboff\u00a0\u00bb width_unit__hover=\u00a0\u00bbon\u00a0\u00bb width_unit__hover_enabled=\u00a0\u00bbon\u00a0\u00bb][et_pb_row _builder_version=\u00a0\u00bb4.27.0&Prime; _module_preset=\u00a0\u00bbdefault\u00a0\u00bb custom_margin=\u00a0\u00bb|auto|31px|auto||\u00a0\u00bb global_colors_info=\u00a0\u00bb{}\u00a0\u00bb][et_pb_column type=\u00a0\u00bb4_4&Prime; _builder_version=\u00a0\u00bb4.27.0&Prime; _module_preset=\u00a0\u00bbdefault\u00a0\u00bb global_colors_info=\u00a0\u00bb{}\u00a0\u00bb][et_pb_image src=\u00a0\u00bbhttps:\/\/new.prins.swiss\/wp-content\/uploads\/2024\/01\/PRINS-losange.png\u00a0\u00bb title_text=\u00a0\u00bbPRINS-losange\u00a0\u00bb _builder_version=\u00a0\u00bb4.27.0&Prime; _module_preset=\u00a0\u00bbdefault\u00a0\u00bb width=\u00a0\u00bb8%\u00a0\u00bb module_alignment=\u00a0\u00bbcenter\u00a0\u00bb global_colors_info=\u00a0\u00bb{}\u00a0\u00bb][\/et_pb_image][et_pb_text _builder_version=\u00a0\u00bb4.27.4&Prime; _module_preset=\u00a0\u00bb003e9429-8e11-4d9e-968b-8881092bbf81&Prime; header_2_font=\u00a0\u00bbNoto Serif Display|600|||||||\u00a0\u00bb header_2_text_color=\u00a0\u00bb#FFFFFF\u00a0\u00bb header_2_font_size=\u00a0\u00bb45px\u00a0\u00bb header_2_line_height=\u00a0\u00bb1.35em\u00a0\u00bb use_background_color_gradient=\u00a0\u00bbon\u00a0\u00bb background_color_gradient_stops=\u00a0\u00bbrgba(55,43,155,0.61) 0%|rgba(221,190,64,0.79) 99%\u00a0\u00bb background_color_gradient_overlays_image=\u00a0\u00bbon\u00a0\u00bb background_image=\u00a0\u00bbhttps:\/\/new.prins.swiss\/wp-content\/uploads\/2024\/05\/img_copyrights.jpg\u00a0\u00bb custom_margin=\u00a0\u00bb||45px|||\u00a0\u00bb custom_padding=\u00a0\u00bb45px|20px|42px|20px|false|true\u00a0\u00bb header_2_font_size_tablet=\u00a0\u00bb30px\u00a0\u00bb header_2_font_size_phone=\u00a0\u00bb20px\u00a0\u00bb header_2_font_size_last_edited=\u00a0\u00bbon|desktop\u00a0\u00bb global_colors_info=\u00a0\u00bb{}\u00a0\u00bb]<\/p>\n<h2 style=\"text-align: center;\">De quoi s&rsquo;agit-il ?<\/h2>\n<p>[\/et_pb_text][et_pb_text _builder_version=\u00a0\u00bb4.27.4&Prime; _module_preset=\u00a0\u00bb7262e956-c376-4aa6-9642-c413f71527d0&Prime; text_font=\u00a0\u00bb|300|||||||\u00a0\u00bb text_text_color=\u00a0\u00bbgcid-76e191ee-a782-4980-80ca-8ed9cefea55c\u00a0\u00bb text_font_size=\u00a0\u00bb22px\u00a0\u00bb text_line_height=\u00a0\u00bb1.4em\u00a0\u00bb header_3_font=\u00a0\u00bb|800|||||||\u00a0\u00bb header_3_font_size=\u00a0\u00bb26px\u00a0\u00bb text_font_size_tablet=\u00a0\u00bb\u00a0\u00bb text_font_size_phone=\u00a0\u00bb13px\u00a0\u00bb text_font_size_last_edited=\u00a0\u00bbon|phone\u00a0\u00bb header_font_size_tablet=\u00a0\u00bb55px\u00a0\u00bb header_font_size_last_edited=\u00a0\u00bboff|desktop\u00a0\u00bb global_colors_info=\u00a0\u00bb{%22gcid-76e191ee-a782-4980-80ca-8ed9cefea55c%22:%91%22text_text_color%22%93}\u00a0\u00bb]<\/p>\n<p>Au c\u0153ur de cet arr\u00eat se trouve la question de savoir si un syst\u00e8me d&rsquo;intelligence artificielle (IA) &#8211; en l&rsquo;occurrence le syst\u00e8me DABUS &#8211; peut l\u00e9galement \u00eatre consid\u00e9r\u00e9 comme l&rsquo;inventeur d&rsquo;un brevet. L&rsquo;informaticien am\u00e9ricain Stephen L. Thaler avait d\u00e9pos\u00e9 un brevet aupr\u00e8s de l&rsquo;Institut f\u00e9d\u00e9ral de la propri\u00e9t\u00e9 intellectuelle (IPI) pour un nouveau type de r\u00e9cipient alimentaire. Cependant, il ne s&rsquo;est pas pr\u00e9sent\u00e9 comme l&rsquo;inventeur, mais plut\u00f4t l&rsquo;IA appel\u00e9e \u00ab\u00a0DABUS\u00a0\u00bb. Il a fait valoir que l&rsquo;IA avait cr\u00e9\u00e9 l&rsquo;invention de mani\u00e8re enti\u00e8rement autonome, sans intervention humaine.   <\/p>\n<p>[\/et_pb_text][\/et_pb_column][\/et_pb_row][et_pb_row _builder_version=\u00a0\u00bb4.27.0&Prime; _module_preset=\u00a0\u00bbdefault\u00a0\u00bb global_colors_info=\u00a0\u00bb{}\u00a0\u00bb][et_pb_column type=\u00a0\u00bb4_4&Prime; _builder_version=\u00a0\u00bb4.27.0&Prime; _module_preset=\u00a0\u00bbdefault\u00a0\u00bb global_colors_info=\u00a0\u00bb{}\u00a0\u00bb][et_pb_image src=\u00a0\u00bbhttps:\/\/new.prins.swiss\/wp-content\/uploads\/2024\/01\/PRINS-losange.png\u00a0\u00bb title_text=\u00a0\u00bbPRINS-losange\u00a0\u00bb _builder_version=\u00a0\u00bb4.27.0&Prime; _module_preset=\u00a0\u00bbdefault\u00a0\u00bb width=\u00a0\u00bb8%\u00a0\u00bb module_alignment=\u00a0\u00bbcenter\u00a0\u00bb global_colors_info=\u00a0\u00bb{}\u00a0\u00bb][\/et_pb_image][et_pb_text _builder_version=\u00a0\u00bb4.27.4&Prime; _module_preset=\u00a0\u00bb003e9429-8e11-4d9e-968b-8881092bbf81&Prime; header_2_font=\u00a0\u00bbNoto Serif Display|600|||||||\u00a0\u00bb header_2_text_color=\u00a0\u00bb#FFFFFF\u00a0\u00bb header_2_font_size=\u00a0\u00bb45px\u00a0\u00bb header_2_line_height=\u00a0\u00bb1.35em\u00a0\u00bb use_background_color_gradient=\u00a0\u00bbon\u00a0\u00bb background_color_gradient_stops=\u00a0\u00bbrgba(55,43,155,0.61) 0%|rgba(221,190,64,0.79) 99%\u00a0\u00bb background_color_gradient_overlays_image=\u00a0\u00bbon\u00a0\u00bb background_image=\u00a0\u00bbhttps:\/\/new.prins.swiss\/wp-content\/uploads\/2024\/05\/wwd93icc30y.jpg\u00a0\u00bb custom_margin=\u00a0\u00bb||45px|||\u00a0\u00bb custom_padding=\u00a0\u00bb45px||42px|||\u00a0\u00bb header_2_font_size_tablet=\u00a0\u00bb30px\u00a0\u00bb header_2_font_size_phone=\u00a0\u00bb20px\u00a0\u00bb header_2_font_size_last_edited=\u00a0\u00bbon|desktop\u00a0\u00bb global_colors_info=\u00a0\u00bb{}\u00a0\u00bb]<\/p>\n<h2 style=\"text-align: center;\">Points cl\u00e9s de la d\u00e9cision<\/h2>\n<p>[\/et_pb_text][et_pb_text _builder_version=\u00a0\u00bb4.27.4&Prime; _module_preset=\u00a0\u00bb7262e956-c376-4aa6-9642-c413f71527d0&Prime; text_font=\u00a0\u00bb|300|||||||\u00a0\u00bb text_text_color=\u00a0\u00bbgcid-76e191ee-a782-4980-80ca-8ed9cefea55c\u00a0\u00bb text_font_size=\u00a0\u00bb22px\u00a0\u00bb text_line_height=\u00a0\u00bb1.4em\u00a0\u00bb header_3_font=\u00a0\u00bb|800|||||||\u00a0\u00bb header_3_font_size=\u00a0\u00bb26px\u00a0\u00bb text_font_size_tablet=\u00a0\u00bb\u00a0\u00bb text_font_size_phone=\u00a0\u00bb13px\u00a0\u00bb text_font_size_last_edited=\u00a0\u00bbon|phone\u00a0\u00bb header_font_size_tablet=\u00a0\u00bb55px\u00a0\u00bb header_font_size_last_edited=\u00a0\u00bboff|desktop\u00a0\u00bb global_colors_info=\u00a0\u00bb{%22gcid-76e191ee-a782-4980-80ca-8ed9cefea55c%22:%91%22text_text_color%22%93}\u00a0\u00bb]<\/p>\n<p>L&rsquo;IPI a rejet\u00e9 la demande. Motif : Selon la loi suisse sur les brevets, seules les personnes physiques peuvent \u00eatre reconnues comme inventeurs. L&rsquo;intelligence artificielle n&rsquo;est pas une personne morale et ne peut donc pas \u00eatre enregistr\u00e9e en tant qu&rsquo;inventeur. M. Thaler a fait appel de cette d\u00e9cision.   <\/p>\n<p>[\/et_pb_text][\/et_pb_column][\/et_pb_row][et_pb_row _builder_version=\u00a0\u00bb4.27.0&Prime; _module_preset=\u00a0\u00bbdefault\u00a0\u00bb custom_margin=\u00a0\u00bb60px|auto||auto||\u00a0\u00bb global_colors_info=\u00a0\u00bb{}\u00a0\u00bb][et_pb_column type=\u00a0\u00bb4_4&Prime; _builder_version=\u00a0\u00bb4.27.0&Prime; _module_preset=\u00a0\u00bbdefault\u00a0\u00bb global_colors_info=\u00a0\u00bb{}\u00a0\u00bb][et_pb_image src=\u00a0\u00bbhttps:\/\/new.prins.swiss\/wp-content\/uploads\/2024\/01\/PRINS-losange.png\u00a0\u00bb title_text=\u00a0\u00bbPRINS-losange\u00a0\u00bb _builder_version=\u00a0\u00bb4.27.0&Prime; _module_preset=\u00a0\u00bbdefault\u00a0\u00bb width=\u00a0\u00bb8%\u00a0\u00bb module_alignment=\u00a0\u00bbcenter\u00a0\u00bb global_colors_info=\u00a0\u00bb{}\u00a0\u00bb][\/et_pb_image][et_pb_text _builder_version=\u00a0\u00bb4.27.4&Prime; _module_preset=\u00a0\u00bb003e9429-8e11-4d9e-968b-8881092bbf81&Prime; header_2_font=\u00a0\u00bbNoto Serif Display|600|||||||\u00a0\u00bb header_2_text_color=\u00a0\u00bb#FFFFFF\u00a0\u00bb header_2_font_size=\u00a0\u00bb45px\u00a0\u00bb header_2_line_height=\u00a0\u00bb1.35em\u00a0\u00bb use_background_color_gradient=\u00a0\u00bbon\u00a0\u00bb background_color_gradient_stops=\u00a0\u00bbrgba(55,43,155,0.61) 0%|rgba(221,190,64,0.79) 99%\u00a0\u00bb background_color_gradient_overlays_image=\u00a0\u00bbon\u00a0\u00bb background_image=\u00a0\u00bbhttps:\/\/new.prins.swiss\/wp-content\/uploads\/2024\/05\/b30xl_m3fso.jpg\u00a0\u00bb custom_margin=\u00a0\u00bb||45px|||\u00a0\u00bb custom_padding=\u00a0\u00bb66px||59px|||\u00a0\u00bb header_2_font_size_tablet=\u00a0\u00bb30px\u00a0\u00bb header_2_font_size_phone=\u00a0\u00bb20px\u00a0\u00bb header_2_font_size_last_edited=\u00a0\u00bbon|desktop\u00a0\u00bb global_colors_info=\u00a0\u00bb{}\u00a0\u00bb]<\/p>\n<h2 style=\"text-align: center;\">Arr\u00eat de la Cour administrative f\u00e9d\u00e9rale<\/h2>\n<p>[\/et_pb_text][et_pb_text _builder_version=\u00a0\u00bb4.27.4&Prime; _module_preset=\u00a0\u00bb7262e956-c376-4aa6-9642-c413f71527d0&Prime; text_font=\u00a0\u00bb|300|||||||\u00a0\u00bb text_text_color=\u00a0\u00bbgcid-76e191ee-a782-4980-80ca-8ed9cefea55c\u00a0\u00bb text_font_size=\u00a0\u00bb22px\u00a0\u00bb text_line_height=\u00a0\u00bb1.4em\u00a0\u00bb text_font_size_tablet=\u00a0\u00bb\u00a0\u00bb text_font_size_phone=\u00a0\u00bb13px\u00a0\u00bb text_font_size_last_edited=\u00a0\u00bbon|phone\u00a0\u00bb header_font_size_tablet=\u00a0\u00bb55px\u00a0\u00bb header_font_size_last_edited=\u00a0\u00bboff|desktop\u00a0\u00bb global_colors_info=\u00a0\u00bb{%22gcid-76e191ee-a782-4980-80ca-8ed9cefea55c%22:%91%22text_text_color%22%93}\u00a0\u00bb]<\/p>\n<p>La Cour administrative f\u00e9d\u00e9rale a largement confirm\u00e9 le point de vue de l&rsquo;instance inf\u00e9rieure. Il a d\u00e9cid\u00e9 qu&rsquo;un syst\u00e8me d&rsquo;intelligence artificielle tel que DABUS ne pouvait \u00eatre consid\u00e9r\u00e9 comme un inventeur. La d\u00e9finition l\u00e9gale de l&rsquo;inventeur pr\u00e9suppose un acte humain de cr\u00e9ation. Selon la loi, une demande de brevet sans d\u00e9signation de l&rsquo;inventeur n&rsquo;est pas non plus possible.   <\/p>\n<p>Toutefois, le tribunal a donn\u00e9 raison \u00e0 M. Thaler sur un point : \u00e9tant donn\u00e9 qu&rsquo;il avait entra\u00een\u00e9 l&rsquo;IA, lui avait fourni des donn\u00e9es et avait finalement reconnu l&rsquo;invention brevetable et l&rsquo;avait soumise \u00e0 l&rsquo;autorit\u00e9, sa contribution \u00e9tait suffisante pour qu&rsquo;il soit lui-m\u00eame consid\u00e9r\u00e9 comme un inventeur l\u00e9gal. Le tribunal a donc ordonn\u00e9 \u00e0 l&rsquo;IPI de poursuivre le traitement de la demande de brevet &#8211; avec M. Thaler en tant qu&rsquo;inventeur. <\/p>\n<p>[\/et_pb_text][et_pb_image src=\u00a0\u00bbhttps:\/\/new.prins.swiss\/wp-content\/uploads\/2024\/01\/PRINS-losange.png\u00a0\u00bb title_text=\u00a0\u00bbPRINS-losange\u00a0\u00bb _builder_version=\u00a0\u00bb4.27.0&Prime; _module_preset=\u00a0\u00bbdefault\u00a0\u00bb width=\u00a0\u00bb8%\u00a0\u00bb module_alignment=\u00a0\u00bbcenter\u00a0\u00bb global_colors_info=\u00a0\u00bb{}\u00a0\u00bb][\/et_pb_image][et_pb_text _builder_version=\u00a0\u00bb4.27.4&Prime; _module_preset=\u00a0\u00bb003e9429-8e11-4d9e-968b-8881092bbf81&Prime; header_2_font=\u00a0\u00bbNoto Serif Display|600|||||||\u00a0\u00bb header_2_text_color=\u00a0\u00bb#FFFFFF\u00a0\u00bb header_2_font_size=\u00a0\u00bb45px\u00a0\u00bb header_2_line_height=\u00a0\u00bb1.35em\u00a0\u00bb use_background_color_gradient=\u00a0\u00bbon\u00a0\u00bb background_color_gradient_stops=\u00a0\u00bbrgba(55,43,155,0.61) 0%|rgba(221,190,64,0.79) 99%\u00a0\u00bb background_color_gradient_overlays_image=\u00a0\u00bbon\u00a0\u00bb background_image=\u00a0\u00bbhttps:\/\/new.prins.swiss\/wp-content\/uploads\/2024\/05\/b30xl_m3fso.jpg\u00a0\u00bb custom_margin=\u00a0\u00bb||45px|||\u00a0\u00bb custom_padding=\u00a0\u00bb66px||59px|||\u00a0\u00bb header_2_font_size_tablet=\u00a0\u00bb30px\u00a0\u00bb header_2_font_size_phone=\u00a0\u00bb20px\u00a0\u00bb header_2_font_size_last_edited=\u00a0\u00bbon|desktop\u00a0\u00bb global_colors_info=\u00a0\u00bb{}\u00a0\u00bb]<\/p>\n<h2 style=\"text-align: center;\">Tendance mondiale<\/h2>\n<p>[\/et_pb_text][et_pb_text _builder_version=\u00a0\u00bb4.27.4&Prime; _module_preset=\u00a0\u00bb7262e956-c376-4aa6-9642-c413f71527d0&Prime; text_font=\u00a0\u00bb|300|||||||\u00a0\u00bb text_text_color=\u00a0\u00bbgcid-76e191ee-a782-4980-80ca-8ed9cefea55c\u00a0\u00bb text_font_size=\u00a0\u00bb22px\u00a0\u00bb text_line_height=\u00a0\u00bb1.4em\u00a0\u00bb text_font_size_tablet=\u00a0\u00bb\u00a0\u00bb text_font_size_phone=\u00a0\u00bb13px\u00a0\u00bb text_font_size_last_edited=\u00a0\u00bbon|phone\u00a0\u00bb header_font_size_tablet=\u00a0\u00bb55px\u00a0\u00bb header_font_size_last_edited=\u00a0\u00bboff|desktop\u00a0\u00bb global_colors_info=\u00a0\u00bb{%22gcid-76e191ee-a782-4980-80ca-8ed9cefea55c%22:%91%22text_text_color%22%93}\u00a0\u00bb]<\/p>\n<p>Cette d\u00e9cision s&rsquo;ajoute \u00e0 de nombreux jugements comparables dans le monde entier. L&rsquo;Office europ\u00e9en des brevets, l&rsquo;Office allemand des brevets et des marques, ainsi que les autorit\u00e9s du Royaume-Uni, d&rsquo;Australie, de Ta\u00efwan et des \u00c9tats-Unis ont \u00e9galement statu\u00e9 dans des cas similaires : l&rsquo;intelligence artificielle ne peut pas (encore) \u00eatre consid\u00e9r\u00e9e comme un inventeur. <\/p>\n<p>[\/et_pb_text][et_pb_image src=\u00a0\u00bbhttps:\/\/new.prins.swiss\/wp-content\/uploads\/2024\/01\/PRINS-losange.png\u00a0\u00bb title_text=\u00a0\u00bbPRINS-losange\u00a0\u00bb _builder_version=\u00a0\u00bb4.27.0&Prime; _module_preset=\u00a0\u00bbdefault\u00a0\u00bb width=\u00a0\u00bb8%\u00a0\u00bb module_alignment=\u00a0\u00bbcenter\u00a0\u00bb global_colors_info=\u00a0\u00bb{}\u00a0\u00bb][\/et_pb_image][et_pb_text _builder_version=\u00a0\u00bb4.27.4&Prime; _module_preset=\u00a0\u00bb003e9429-8e11-4d9e-968b-8881092bbf81&Prime; header_2_font=\u00a0\u00bbNoto Serif Display|600|||||||\u00a0\u00bb header_2_text_color=\u00a0\u00bb#FFFFFF\u00a0\u00bb header_2_font_size=\u00a0\u00bb45px\u00a0\u00bb header_2_line_height=\u00a0\u00bb1.35em\u00a0\u00bb use_background_color_gradient=\u00a0\u00bbon\u00a0\u00bb background_color_gradient_stops=\u00a0\u00bbrgba(55,43,155,0.61) 0%|rgba(221,190,64,0.79) 99%\u00a0\u00bb background_color_gradient_overlays_image=\u00a0\u00bbon\u00a0\u00bb background_image=\u00a0\u00bbhttps:\/\/new.prins.swiss\/wp-content\/uploads\/2024\/05\/b30xl_m3fso.jpg\u00a0\u00bb custom_margin=\u00a0\u00bb||45px|||\u00a0\u00bb custom_padding=\u00a0\u00bb66px||59px|||\u00a0\u00bb header_2_font_size_tablet=\u00a0\u00bb30px\u00a0\u00bb header_2_font_size_phone=\u00a0\u00bb20px\u00a0\u00bb header_2_font_size_last_edited=\u00a0\u00bbon|desktop\u00a0\u00bb global_colors_info=\u00a0\u00bb{}\u00a0\u00bb]<\/p>\n<h2 style=\"text-align: center;\">Quel impact dans la pratique ?<\/h2>\n<p>[\/et_pb_text][et_pb_text _builder_version=\u00a0\u00bb4.27.4&Prime; _module_preset=\u00a0\u00bb7262e956-c376-4aa6-9642-c413f71527d0&Prime; text_font=\u00a0\u00bb|300|||||||\u00a0\u00bb text_text_color=\u00a0\u00bbgcid-76e191ee-a782-4980-80ca-8ed9cefea55c\u00a0\u00bb text_font_size=\u00a0\u00bb22px\u00a0\u00bb text_line_height=\u00a0\u00bb1.4em\u00a0\u00bb text_font_size_tablet=\u00a0\u00bb\u00a0\u00bb text_font_size_phone=\u00a0\u00bb13px\u00a0\u00bb text_font_size_last_edited=\u00a0\u00bbon|phone\u00a0\u00bb header_font_size_tablet=\u00a0\u00bb55px\u00a0\u00bb header_font_size_last_edited=\u00a0\u00bboff|desktop\u00a0\u00bb global_colors_info=\u00a0\u00bb{%22gcid-76e191ee-a782-4980-80ca-8ed9cefea55c%22:%91%22text_text_color%22%93}\u00a0\u00bb]<\/p>\n<p>Ce verdict concerne l&rsquo;avenir de la technologie et de l&rsquo;innovation. Le r\u00f4le de l&rsquo;IA dans les processus cr\u00e9atifs et techniques devient de plus en plus important. L&rsquo;intelligence artificielle peut soutenir de nombreux processus et inventions, mais juridiquement, l&rsquo;homme reste au centre du droit des brevets. L&rsquo;inventeur au sens de la loi reste l&rsquo;\u00eatre humain, et non la machine. Une IA comme DABUS ne peut pas \u00eatre d\u00e9sign\u00e9e comme l&rsquo;inventeur officiel dans le brevet. Par cons\u00e9quent, toute personne utilisant l&rsquo;IA dans des activit\u00e9s de recherche et de d\u00e9veloppement doit garder \u00e0 l&rsquo;esprit qu&rsquo;en fin de compte, c&rsquo;est toujours un individu qui doit agir en tant qu&rsquo;inventeur pour le brevet. Toute personne qui utilise et forme une IA, reconna\u00eet et utilise ses r\u00e9sultats peut \u00eatre consid\u00e9r\u00e9e comme un inventeur &#8211; \u00e0 condition que l&rsquo;implication humaine puisse \u00eatre prouv\u00e9e.      <\/p>\n<p>[\/et_pb_text][et_pb_image src=\u00a0\u00bbhttps:\/\/new.prins.swiss\/wp-content\/uploads\/2024\/01\/PRINS-losange.png\u00a0\u00bb title_text=\u00a0\u00bbPRINS-losange\u00a0\u00bb _builder_version=\u00a0\u00bb4.27.0&Prime; _module_preset=\u00a0\u00bbdefault\u00a0\u00bb width=\u00a0\u00bb8%\u00a0\u00bb module_alignment=\u00a0\u00bbcenter\u00a0\u00bb global_colors_info=\u00a0\u00bb{}\u00a0\u00bb][\/et_pb_image][et_pb_text _builder_version=\u00a0\u00bb4.27.4&Prime; _module_preset=\u00a0\u00bb003e9429-8e11-4d9e-968b-8881092bbf81&Prime; header_2_font=\u00a0\u00bbNoto Serif Display|600|||||||\u00a0\u00bb header_2_text_color=\u00a0\u00bb#FFFFFF\u00a0\u00bb header_2_font_size=\u00a0\u00bb45px\u00a0\u00bb header_2_line_height=\u00a0\u00bb1.35em\u00a0\u00bb use_background_color_gradient=\u00a0\u00bbon\u00a0\u00bb background_color_gradient_stops=\u00a0\u00bbrgba(55,43,155,0.61) 0%|rgba(221,190,64,0.79) 99%\u00a0\u00bb background_color_gradient_overlays_image=\u00a0\u00bbon\u00a0\u00bb background_image=\u00a0\u00bbhttps:\/\/new.prins.swiss\/wp-content\/uploads\/2024\/05\/b30xl_m3fso.jpg\u00a0\u00bb custom_margin=\u00a0\u00bb||45px|||\u00a0\u00bb custom_padding=\u00a0\u00bb66px||59px|||\u00a0\u00bb header_2_font_size_tablet=\u00a0\u00bb30px\u00a0\u00bb header_2_font_size_phone=\u00a0\u00bb20px\u00a0\u00bb header_2_font_size_last_edited=\u00a0\u00bbon|desktop\u00a0\u00bb global_colors_info=\u00a0\u00bb{}\u00a0\u00bb]<\/p>\n<h2 style=\"text-align: center;\">Impact sur les autres droits de propri\u00e9t\u00e9 intellectuelle<\/h2>\n<p>[\/et_pb_text][et_pb_text _builder_version=\u00a0\u00bb4.27.4&Prime; _module_preset=\u00a0\u00bb7262e956-c376-4aa6-9642-c413f71527d0&Prime; text_font=\u00a0\u00bb|300|||||||\u00a0\u00bb text_text_color=\u00a0\u00bbgcid-76e191ee-a782-4980-80ca-8ed9cefea55c\u00a0\u00bb text_font_size=\u00a0\u00bb22px\u00a0\u00bb text_line_height=\u00a0\u00bb1.4em\u00a0\u00bb text_font_size_tablet=\u00a0\u00bb\u00a0\u00bb text_font_size_phone=\u00a0\u00bb13px\u00a0\u00bb text_font_size_last_edited=\u00a0\u00bbon|phone\u00a0\u00bb header_font_size_tablet=\u00a0\u00bb55px\u00a0\u00bb header_font_size_last_edited=\u00a0\u00bboff|desktop\u00a0\u00bb global_colors_info=\u00a0\u00bb{%22gcid-76e191ee-a782-4980-80ca-8ed9cefea55c%22:%91%22text_text_color%22%93}\u00a0\u00bb]<\/p>\n<p>M\u00eame si l&rsquo;arr\u00eat ne concerne que le droit des brevets, la r\u00e8gle de base de la \u00ab\u00a0personne physique\u00a0\u00bb en tant que titulaire de droits s&rsquo;applique \u00e9galement \u00e0 d&rsquo;autres droits de propri\u00e9t\u00e9 tels que les marques et les droits d&rsquo;auteur : Les syst\u00e8mes d&rsquo;IA ne sont pas des entit\u00e9s juridiques ind\u00e9pendantes et ne peuvent donc pas avoir des droits similaires \u00e0 ceux des auteurs ou des propri\u00e9taires de marques. Les personnes morales restent des individus ou des entreprises. <\/p>\n<p>[\/et_pb_text][\/et_pb_column][\/et_pb_row][et_pb_row _builder_version=\u00a0\u00bb4.27.0&Prime; _module_preset=\u00a0\u00bbdefault\u00a0\u00bb use_background_color_gradient=\u00a0\u00bbon\u00a0\u00bb background_color_gradient_stops=\u00a0\u00bbrgba(55,43,155,0.78) 0%|#ddbe40 100%\u00a0\u00bb background_color_gradient_overlays_image=\u00a0\u00bbon\u00a0\u00bb background_image=\u00a0\u00bbhttps:\/\/new.prins.swiss\/wp-content\/uploads\/2024\/05\/rrhhzityizg.jpg\u00a0\u00bb custom_margin=\u00a0\u00bb67px|auto||auto||\u00a0\u00bb custom_padding=\u00a0\u00bb73px||65px|||\u00a0\u00bb global_colors_info=\u00a0\u00bb{}\u00a0\u00bb][et_pb_column type=\u00a0\u00bb4_4&Prime; _builder_version=\u00a0\u00bb4.27.0&Prime; _module_preset=\u00a0\u00bbdefault\u00a0\u00bb global_colors_info=\u00a0\u00bb{}\u00a0\u00bb][et_pb_image src=\u00a0\u00bbhttps:\/\/new.prins.swiss\/wp-content\/uploads\/2024\/01\/PRINS-losange.png\u00a0\u00bb title_text=\u00a0\u00bbPRINS-losange\u00a0\u00bb _builder_version=\u00a0\u00bb4.27.0&Prime; _module_preset=\u00a0\u00bbdefault\u00a0\u00bb width=\u00a0\u00bb8%\u00a0\u00bb module_alignment=\u00a0\u00bbcenter\u00a0\u00bb global_colors_info=\u00a0\u00bb{}\u00a0\u00bb][\/et_pb_image][et_pb_text _builder_version=\u00a0\u00bb4.27.0&Prime; _module_preset=\u00a0\u00bb003e9429-8e11-4d9e-968b-8881092bbf81&Prime; header_2_font=\u00a0\u00bbNoto Serif Display|600|||||||\u00a0\u00bb header_2_text_color=\u00a0\u00bb#FFFFFF\u00a0\u00bb header_2_font_size=\u00a0\u00bb59px\u00a0\u00bb header_2_line_height=\u00a0\u00bb1.35em\u00a0\u00bb custom_margin=\u00a0\u00bb||11px|||\u00a0\u00bb header_2_font_size_tablet=\u00a0\u00bb30px\u00a0\u00bb header_2_font_size_phone=\u00a0\u00bb20px\u00a0\u00bb header_2_font_size_last_edited=\u00a0\u00bbon|desktop\u00a0\u00bb global_colors_info=\u00a0\u00bb{}\u00a0\u00bb]<\/p>\n<h2 style=\"text-align: center;\">En r\u00e9sum\u00e9,<\/h2>\n<p>[\/et_pb_text][et_pb_text _builder_version=\u00a0\u00bb4.27.4&Prime; _module_preset=\u00a0\u00bb7262e956-c376-4aa6-9642-c413f71527d0&Prime; text_font=\u00a0\u00bb|300|||||||\u00a0\u00bb text_text_color=\u00a0\u00bbgcid-76e191ee-a782-4980-80ca-8ed9cefea55c\u00a0\u00bb text_font_size=\u00a0\u00bb22px\u00a0\u00bb text_line_height=\u00a0\u00bb1.4em\u00a0\u00bb header_text_color=\u00a0\u00bb#FFFFFF\u00a0\u00bb header_3_text_align=\u00a0\u00bbcenter\u00a0\u00bb header_3_text_color=\u00a0\u00bb#FFFFFF\u00a0\u00bb header_3_font_size=\u00a0\u00bb29px\u00a0\u00bb header_3_line_height=\u00a0\u00bb1.2em\u00a0\u00bb width=\u00a0\u00bb83%\u00a0\u00bb module_alignment=\u00a0\u00bbcenter\u00a0\u00bb text_font_size_tablet=\u00a0\u00bb\u00a0\u00bb text_font_size_phone=\u00a0\u00bb13px\u00a0\u00bb text_font_size_last_edited=\u00a0\u00bbon|phone\u00a0\u00bb header_font_size_tablet=\u00a0\u00bb55px\u00a0\u00bb header_font_size_last_edited=\u00a0\u00bboff|desktop\u00a0\u00bb global_colors_info=\u00a0\u00bb{%22gcid-76e191ee-a782-4980-80ca-8ed9cefea55c%22:%91%22text_text_color%22%93}\u00a0\u00bb]<\/p>\n<h3>L&rsquo;IA ne peut pas obtenir seule des droits d&rsquo;inventeur ou d&rsquo;autres droits de propri\u00e9t\u00e9 intellectuelle. Les personnes restent juridiquement responsables et sont les inventeurs au sens de la loi. <\/h3>\n<p>[\/et_pb_text][\/et_pb_column][\/et_pb_row][et_pb_row _builder_version=\u00a0\u00bb4.27.0&Prime; _module_preset=\u00a0\u00bbdefault\u00a0\u00bb global_colors_info=\u00a0\u00bb{}\u00a0\u00bb][et_pb_column type=\u00a0\u00bb4_4&Prime; _builder_version=\u00a0\u00bb4.27.0&Prime; _module_preset=\u00a0\u00bbdefault\u00a0\u00bb global_colors_info=\u00a0\u00bb{}\u00a0\u00bb][\/et_pb_column][\/et_pb_row][\/et_pb_section]<\/p>\n","protected":false},"excerpt":{"rendered":"<p>Commentaire de la d\u00e9cision du Tribunal administratif f\u00e9d\u00e9ral du 26 juin 2025 (B-2532\/2024)<\/p>\n","protected":false},"author":1,"featured_media":31694,"comment_status":"closed","ping_status":"closed","sticky":false,"template":"","format":"standard","meta":{"_et_pb_use_builder":"on","_et_pb_old_content":"","_et_gb_content_width":"","footnotes":""},"categories":[34,36],"tags":[],"class_list":["post-31661","post","type-post","status-publish","format-standard","has-post-thumbnail","hentry","category-dernieres-actualites","category-patentes"],"yoast_head":"<!-- This site is optimized with the Yoast SEO plugin v27.5 - https:\/\/yoast.com\/product\/yoast-seo-wordpress\/ -->\n<title>L&#039;IA, un inventeur ? Non, dit le Tribunal ! - prins.swiss<\/title>\n<meta name=\"description\" content=\"Intellectual property (IP) encompasses a wide range of creative and innovative works, from inventions and designs to literary READ MORE\" \/>\n<meta name=\"robots\" content=\"index, follow, max-snippet:-1, max-image-preview:large, max-video-preview:-1\" \/>\n<link rel=\"canonical\" href=\"https:\/\/www.prins.swiss\/fr\/lia-un-inventeur-non-dit-le-tribunal\/\" \/>\n<meta property=\"og:locale\" content=\"fr_FR\" \/>\n<meta property=\"og:type\" content=\"article\" \/>\n<meta property=\"og:title\" content=\"L&#039;IA, un inventeur ? Non, dit le Tribunal ! - prins.swiss\" \/>\n<meta property=\"og:description\" content=\"Intellectual property (IP) encompasses a wide range of creative and innovative works, from inventions and designs to literary READ MORE\" \/>\n<meta property=\"og:url\" content=\"https:\/\/www.prins.swiss\/fr\/lia-un-inventeur-non-dit-le-tribunal\/\" \/>\n<meta property=\"og:site_name\" content=\"prins.swiss\" \/>\n<meta property=\"article:published_time\" content=\"2025-08-11T14:51:39+00:00\" \/>\n<meta property=\"article:modified_time\" content=\"2025-08-11T15:10:38+00:00\" \/>\n<meta property=\"og:image\" content=\"https:\/\/www.prins.swiss\/wp-content\/uploads\/2025\/08\/fhgwfzddaos.jpg\" \/>\n\t<meta property=\"og:image:width\" content=\"1600\" \/>\n\t<meta property=\"og:image:height\" content=\"900\" \/>\n\t<meta property=\"og:image:type\" content=\"image\/jpeg\" \/>\n<meta name=\"author\" content=\"marine@spinnakercommunication.ch\" \/>\n<meta name=\"twitter:card\" content=\"summary_large_image\" \/>\n<meta name=\"twitter:label1\" content=\"\u00c9crit par\" \/>\n\t<meta name=\"twitter:data1\" content=\"marine@spinnakercommunication.ch\" \/>\n\t<meta name=\"twitter:label2\" content=\"Dur\u00e9e de lecture estim\u00e9e\" \/>\n\t<meta name=\"twitter:data2\" content=\"15 minutes\" \/>\n<script type=\"application\/ld+json\" class=\"yoast-schema-graph\">{\"@context\":\"https:\\\/\\\/schema.org\",\"@graph\":[{\"@type\":\"Article\",\"@id\":\"https:\\\/\\\/www.prins.swiss\\\/fr\\\/lia-un-inventeur-non-dit-le-tribunal\\\/#article\",\"isPartOf\":{\"@id\":\"https:\\\/\\\/www.prins.swiss\\\/fr\\\/lia-un-inventeur-non-dit-le-tribunal\\\/\"},\"author\":{\"name\":\"marine@spinnakercommunication.ch\",\"@id\":\"https:\\\/\\\/www.prins.swiss\\\/fr\\\/#\\\/schema\\\/person\\\/10266da2997ae4fc82946e91e1a135ea\"},\"headline\":\"L&rsquo;IA, un inventeur ? Non, dit le Tribunal !\",\"datePublished\":\"2025-08-11T14:51:39+00:00\",\"dateModified\":\"2025-08-11T15:10:38+00:00\",\"mainEntityOfPage\":{\"@id\":\"https:\\\/\\\/www.prins.swiss\\\/fr\\\/lia-un-inventeur-non-dit-le-tribunal\\\/\"},\"wordCount\":3017,\"image\":{\"@id\":\"https:\\\/\\\/www.prins.swiss\\\/fr\\\/lia-un-inventeur-non-dit-le-tribunal\\\/#primaryimage\"},\"thumbnailUrl\":\"https:\\\/\\\/www.prins.swiss\\\/wp-content\\\/uploads\\\/2025\\\/08\\\/fhgwfzddaos.jpg\",\"articleSection\":[\"Actualit\u00e9s\",\"Brevets\"],\"inLanguage\":\"fr-FR\"},{\"@type\":\"WebPage\",\"@id\":\"https:\\\/\\\/www.prins.swiss\\\/fr\\\/lia-un-inventeur-non-dit-le-tribunal\\\/\",\"url\":\"https:\\\/\\\/www.prins.swiss\\\/fr\\\/lia-un-inventeur-non-dit-le-tribunal\\\/\",\"name\":\"L'IA, un inventeur ? Non, dit le Tribunal ! - prins.swiss\",\"isPartOf\":{\"@id\":\"https:\\\/\\\/www.prins.swiss\\\/fr\\\/#website\"},\"primaryImageOfPage\":{\"@id\":\"https:\\\/\\\/www.prins.swiss\\\/fr\\\/lia-un-inventeur-non-dit-le-tribunal\\\/#primaryimage\"},\"image\":{\"@id\":\"https:\\\/\\\/www.prins.swiss\\\/fr\\\/lia-un-inventeur-non-dit-le-tribunal\\\/#primaryimage\"},\"thumbnailUrl\":\"https:\\\/\\\/www.prins.swiss\\\/wp-content\\\/uploads\\\/2025\\\/08\\\/fhgwfzddaos.jpg\",\"datePublished\":\"2025-08-11T14:51:39+00:00\",\"dateModified\":\"2025-08-11T15:10:38+00:00\",\"author\":{\"@id\":\"https:\\\/\\\/www.prins.swiss\\\/fr\\\/#\\\/schema\\\/person\\\/10266da2997ae4fc82946e91e1a135ea\"},\"description\":\"Intellectual property (IP) encompasses a wide range of creative and innovative works, from inventions and designs to literary READ MORE\",\"breadcrumb\":{\"@id\":\"https:\\\/\\\/www.prins.swiss\\\/fr\\\/lia-un-inventeur-non-dit-le-tribunal\\\/#breadcrumb\"},\"inLanguage\":\"fr-FR\",\"potentialAction\":[{\"@type\":\"ReadAction\",\"target\":[\"https:\\\/\\\/www.prins.swiss\\\/fr\\\/lia-un-inventeur-non-dit-le-tribunal\\\/\"]}]},{\"@type\":\"ImageObject\",\"inLanguage\":\"fr-FR\",\"@id\":\"https:\\\/\\\/www.prins.swiss\\\/fr\\\/lia-un-inventeur-non-dit-le-tribunal\\\/#primaryimage\",\"url\":\"https:\\\/\\\/www.prins.swiss\\\/wp-content\\\/uploads\\\/2025\\\/08\\\/fhgwfzddaos.jpg\",\"contentUrl\":\"https:\\\/\\\/www.prins.swiss\\\/wp-content\\\/uploads\\\/2025\\\/08\\\/fhgwfzddaos.jpg\",\"width\":1600,\"height\":900},{\"@type\":\"BreadcrumbList\",\"@id\":\"https:\\\/\\\/www.prins.swiss\\\/fr\\\/lia-un-inventeur-non-dit-le-tribunal\\\/#breadcrumb\",\"itemListElement\":[{\"@type\":\"ListItem\",\"position\":1,\"name\":\"Accueil\",\"item\":\"https:\\\/\\\/www.prins.swiss\\\/fr\\\/\"},{\"@type\":\"ListItem\",\"position\":2,\"name\":\"L&rsquo;IA, un inventeur ? Non, dit le Tribunal !\"}]},{\"@type\":\"WebSite\",\"@id\":\"https:\\\/\\\/www.prins.swiss\\\/fr\\\/#website\",\"url\":\"https:\\\/\\\/www.prins.swiss\\\/fr\\\/\",\"name\":\"prins.swiss\",\"description\":\"\",\"potentialAction\":[{\"@type\":\"SearchAction\",\"target\":{\"@type\":\"EntryPoint\",\"urlTemplate\":\"https:\\\/\\\/www.prins.swiss\\\/fr\\\/?s={search_term_string}\"},\"query-input\":{\"@type\":\"PropertyValueSpecification\",\"valueRequired\":true,\"valueName\":\"search_term_string\"}}],\"inLanguage\":\"fr-FR\"},{\"@type\":\"Person\",\"@id\":\"https:\\\/\\\/www.prins.swiss\\\/fr\\\/#\\\/schema\\\/person\\\/10266da2997ae4fc82946e91e1a135ea\",\"name\":\"marine@spinnakercommunication.ch\",\"image\":{\"@type\":\"ImageObject\",\"inLanguage\":\"fr-FR\",\"@id\":\"https:\\\/\\\/secure.gravatar.com\\\/avatar\\\/7f534c65ca3c401604942cbdf0d20a7256fd1f8a6bd101ce762e6340ce06b1d5?s=96&d=mm&r=g\",\"url\":\"https:\\\/\\\/secure.gravatar.com\\\/avatar\\\/7f534c65ca3c401604942cbdf0d20a7256fd1f8a6bd101ce762e6340ce06b1d5?s=96&d=mm&r=g\",\"contentUrl\":\"https:\\\/\\\/secure.gravatar.com\\\/avatar\\\/7f534c65ca3c401604942cbdf0d20a7256fd1f8a6bd101ce762e6340ce06b1d5?s=96&d=mm&r=g\",\"caption\":\"marine@spinnakercommunication.ch\"},\"sameAs\":[\"http:\\\/\\\/h23iwbdonx.preview.infomaniak.website\"],\"url\":\"https:\\\/\\\/www.prins.swiss\\\/fr\\\/author\\\/marinespinnakercommunication-ch\\\/\"}]}<\/script>\n<!-- \/ Yoast SEO plugin. -->","yoast_head_json":{"title":"L'IA, un inventeur ? Non, dit le Tribunal ! - prins.swiss","description":"Intellectual property (IP) encompasses a wide range of creative and innovative works, from inventions and designs to literary READ MORE","robots":{"index":"index","follow":"follow","max-snippet":"max-snippet:-1","max-image-preview":"max-image-preview:large","max-video-preview":"max-video-preview:-1"},"canonical":"https:\/\/www.prins.swiss\/fr\/lia-un-inventeur-non-dit-le-tribunal\/","og_locale":"fr_FR","og_type":"article","og_title":"L'IA, un inventeur ? Non, dit le Tribunal ! - prins.swiss","og_description":"Intellectual property (IP) encompasses a wide range of creative and innovative works, from inventions and designs to literary READ MORE","og_url":"https:\/\/www.prins.swiss\/fr\/lia-un-inventeur-non-dit-le-tribunal\/","og_site_name":"prins.swiss","article_published_time":"2025-08-11T14:51:39+00:00","article_modified_time":"2025-08-11T15:10:38+00:00","og_image":[{"width":1600,"height":900,"url":"https:\/\/www.prins.swiss\/wp-content\/uploads\/2025\/08\/fhgwfzddaos.jpg","type":"image\/jpeg"}],"author":"marine@spinnakercommunication.ch","twitter_card":"summary_large_image","twitter_misc":{"\u00c9crit par":"marine@spinnakercommunication.ch","Dur\u00e9e de lecture estim\u00e9e":"15 minutes"},"schema":{"@context":"https:\/\/schema.org","@graph":[{"@type":"Article","@id":"https:\/\/www.prins.swiss\/fr\/lia-un-inventeur-non-dit-le-tribunal\/#article","isPartOf":{"@id":"https:\/\/www.prins.swiss\/fr\/lia-un-inventeur-non-dit-le-tribunal\/"},"author":{"name":"marine@spinnakercommunication.ch","@id":"https:\/\/www.prins.swiss\/fr\/#\/schema\/person\/10266da2997ae4fc82946e91e1a135ea"},"headline":"L&rsquo;IA, un inventeur ? Non, dit le Tribunal !","datePublished":"2025-08-11T14:51:39+00:00","dateModified":"2025-08-11T15:10:38+00:00","mainEntityOfPage":{"@id":"https:\/\/www.prins.swiss\/fr\/lia-un-inventeur-non-dit-le-tribunal\/"},"wordCount":3017,"image":{"@id":"https:\/\/www.prins.swiss\/fr\/lia-un-inventeur-non-dit-le-tribunal\/#primaryimage"},"thumbnailUrl":"https:\/\/www.prins.swiss\/wp-content\/uploads\/2025\/08\/fhgwfzddaos.jpg","articleSection":["Actualit\u00e9s","Brevets"],"inLanguage":"fr-FR"},{"@type":"WebPage","@id":"https:\/\/www.prins.swiss\/fr\/lia-un-inventeur-non-dit-le-tribunal\/","url":"https:\/\/www.prins.swiss\/fr\/lia-un-inventeur-non-dit-le-tribunal\/","name":"L'IA, un inventeur ? Non, dit le Tribunal ! - prins.swiss","isPartOf":{"@id":"https:\/\/www.prins.swiss\/fr\/#website"},"primaryImageOfPage":{"@id":"https:\/\/www.prins.swiss\/fr\/lia-un-inventeur-non-dit-le-tribunal\/#primaryimage"},"image":{"@id":"https:\/\/www.prins.swiss\/fr\/lia-un-inventeur-non-dit-le-tribunal\/#primaryimage"},"thumbnailUrl":"https:\/\/www.prins.swiss\/wp-content\/uploads\/2025\/08\/fhgwfzddaos.jpg","datePublished":"2025-08-11T14:51:39+00:00","dateModified":"2025-08-11T15:10:38+00:00","author":{"@id":"https:\/\/www.prins.swiss\/fr\/#\/schema\/person\/10266da2997ae4fc82946e91e1a135ea"},"description":"Intellectual property (IP) encompasses a wide range of creative and innovative works, from inventions and designs to literary READ MORE","breadcrumb":{"@id":"https:\/\/www.prins.swiss\/fr\/lia-un-inventeur-non-dit-le-tribunal\/#breadcrumb"},"inLanguage":"fr-FR","potentialAction":[{"@type":"ReadAction","target":["https:\/\/www.prins.swiss\/fr\/lia-un-inventeur-non-dit-le-tribunal\/"]}]},{"@type":"ImageObject","inLanguage":"fr-FR","@id":"https:\/\/www.prins.swiss\/fr\/lia-un-inventeur-non-dit-le-tribunal\/#primaryimage","url":"https:\/\/www.prins.swiss\/wp-content\/uploads\/2025\/08\/fhgwfzddaos.jpg","contentUrl":"https:\/\/www.prins.swiss\/wp-content\/uploads\/2025\/08\/fhgwfzddaos.jpg","width":1600,"height":900},{"@type":"BreadcrumbList","@id":"https:\/\/www.prins.swiss\/fr\/lia-un-inventeur-non-dit-le-tribunal\/#breadcrumb","itemListElement":[{"@type":"ListItem","position":1,"name":"Accueil","item":"https:\/\/www.prins.swiss\/fr\/"},{"@type":"ListItem","position":2,"name":"L&rsquo;IA, un inventeur ? Non, dit le Tribunal !"}]},{"@type":"WebSite","@id":"https:\/\/www.prins.swiss\/fr\/#website","url":"https:\/\/www.prins.swiss\/fr\/","name":"prins.swiss","description":"","potentialAction":[{"@type":"SearchAction","target":{"@type":"EntryPoint","urlTemplate":"https:\/\/www.prins.swiss\/fr\/?s={search_term_string}"},"query-input":{"@type":"PropertyValueSpecification","valueRequired":true,"valueName":"search_term_string"}}],"inLanguage":"fr-FR"},{"@type":"Person","@id":"https:\/\/www.prins.swiss\/fr\/#\/schema\/person\/10266da2997ae4fc82946e91e1a135ea","name":"marine@spinnakercommunication.ch","image":{"@type":"ImageObject","inLanguage":"fr-FR","@id":"https:\/\/secure.gravatar.com\/avatar\/7f534c65ca3c401604942cbdf0d20a7256fd1f8a6bd101ce762e6340ce06b1d5?s=96&d=mm&r=g","url":"https:\/\/secure.gravatar.com\/avatar\/7f534c65ca3c401604942cbdf0d20a7256fd1f8a6bd101ce762e6340ce06b1d5?s=96&d=mm&r=g","contentUrl":"https:\/\/secure.gravatar.com\/avatar\/7f534c65ca3c401604942cbdf0d20a7256fd1f8a6bd101ce762e6340ce06b1d5?s=96&d=mm&r=g","caption":"marine@spinnakercommunication.ch"},"sameAs":["http:\/\/h23iwbdonx.preview.infomaniak.website"],"url":"https:\/\/www.prins.swiss\/fr\/author\/marinespinnakercommunication-ch\/"}]}},"_links":{"self":[{"href":"https:\/\/www.prins.swiss\/fr\/wp-json\/wp\/v2\/posts\/31661","targetHints":{"allow":["GET"]}}],"collection":[{"href":"https:\/\/www.prins.swiss\/fr\/wp-json\/wp\/v2\/posts"}],"about":[{"href":"https:\/\/www.prins.swiss\/fr\/wp-json\/wp\/v2\/types\/post"}],"author":[{"embeddable":true,"href":"https:\/\/www.prins.swiss\/fr\/wp-json\/wp\/v2\/users\/1"}],"replies":[{"embeddable":true,"href":"https:\/\/www.prins.swiss\/fr\/wp-json\/wp\/v2\/comments?post=31661"}],"version-history":[{"count":20,"href":"https:\/\/www.prins.swiss\/fr\/wp-json\/wp\/v2\/posts\/31661\/revisions"}],"predecessor-version":[{"id":31730,"href":"https:\/\/www.prins.swiss\/fr\/wp-json\/wp\/v2\/posts\/31661\/revisions\/31730"}],"wp:featuredmedia":[{"embeddable":true,"href":"https:\/\/www.prins.swiss\/fr\/wp-json\/wp\/v2\/media\/31694"}],"wp:attachment":[{"href":"https:\/\/www.prins.swiss\/fr\/wp-json\/wp\/v2\/media?parent=31661"}],"wp:term":[{"taxonomy":"category","embeddable":true,"href":"https:\/\/www.prins.swiss\/fr\/wp-json\/wp\/v2\/categories?post=31661"},{"taxonomy":"post_tag","embeddable":true,"href":"https:\/\/www.prins.swiss\/fr\/wp-json\/wp\/v2\/tags?post=31661"}],"curies":[{"name":"wp","href":"https:\/\/api.w.org\/{rel}","templated":true}]}}